{"id":42221,"date":"2025-08-23T23:05:15","date_gmt":"2025-08-23T23:05:15","guid":{"rendered":"https:\/\/www.europesays.com\/pt\/42221\/"},"modified":"2025-08-23T23:05:15","modified_gmt":"2025-08-23T23:05:15","slug":"fc-porto-rejeita-proposta-de-50-milhoes-de-euros-por-rodrigo-mora-o-jogo","status":"publish","type":"post","link":"https:\/\/www.europesays.com\/pt\/42221\/","title":{"rendered":"FC Porto rejeita proposta de 50 milh\u00f5es de euros por Rodrigo Mora &#8211; O Jogo"},"content":{"rendered":"<ol>\n<li><a href=\"https:\/\/news.google.com\/rss\/articles\/CBMinwFBVV95cUxNOW5oTDJfNk9DV2FocTZmdHU5dVU0T3p6UXhCazhWQ2RRYS13b0h1c185NWJBV05PV0RoZXpTQjA2Q3ZRWHZnSlhlVXdOSjg2X2Z2ZWM1bWpxTUdLTm0zSDRodTNaby1vT0p0bXVYckl4Q1dlcmcxWkZYRHBIckxfblBnMjRMZHZRRFp5RjVXQVcxVEh2aC1SZ0pxalNVMjQ?oc=5\" target=\"_blank\" rel=\"nofollow noopener\">FC Porto rejeita proposta de 50 milh\u00f5es de euros por Rodrigo Mora<\/a>&nbsp;&nbsp;O Jogo<\/li>\n<li><a href=\"https:\/\/news.google.com\/rss\/articles\/CBMi5AFBVV95cUxOV282VDZTU1poeDZlQ0pIZDRLM2ZtQWFMc0I3YVpXSEdfN3JYbG9NT2NhZEVWUTZQbEo3aGdfS3JkOUZCd1BZTVhtWnRtRE9MY2kzbFYtaWZVU0FNbzNuWjZqcHlMSTRaNUpENFowWVBJVjBXQmZHSnVKdzZfRDg3TDFrdDF5QzllTV8wZkFXOHRSNUJLbWpGeEpVeERIYnpOWEl3Y0dzT1AwMUdJWEtXRkR3NzJuSjdfYVd2cDk5VEQ4OUV5ZDg5a1hjMG1rUDZRTDVWcVFZZEljYThoSk41SlZqaVc?oc=5\" target=\"_blank\" rel=\"nofollow noopener\">Barcelona insiste em contratar jogador da sele\u00e7\u00e3o brasileira, mas esbarra em pedida de R$ 254 milh\u00f5es<\/a>&nbsp;&nbsp;ESPN Brasil<\/li>\n<li><a href=\"https:\/\/news.google.com\/rss\/articles\/CBMisAFBVV95cUxOZEF4d1JyWldxblFZZ1R4bGxEZExYUEthOFVGQmg0aFZLZzNYUjNZVExNYVF5VFpyMGlBOFdlUFcxa2JJa25JUXc4VG9uc2JycVdiMDJhWlNZLUNQeFVUOW1laHVBaUdWN1BaeUhoX3NaWXZ4ZDBMWmV2b3M1X2RVMkhiTV82TC03NThPZGFMLTdWZk8tRVQzakwzd1FMczZXU1RCSXFTU1ZJckhTR05HTg?oc=5\" target=\"_blank\" rel=\"nofollow noopener\">Mercado FC Porto: Al Ittihad desiste de Rodrigo Mora (por agora)<\/a>&nbsp;&nbsp;A Bola<\/li>\n<li><a href=\"https:\/\/news.google.com\/rss\/articles\/CBMipwFBVV95cUxQd0M5aGhXcGJLRkZYcGdZeVA3ek9BM3h2bVh4VWlTNUJjWE15M1dSY2x5eHVLOThERUo1NTYxMG1PZDdhQktqWWFrTEM3aVFyMHpwZGdVQWdWWVFpY0VGT3RQSEdEbjZrZU1QYzZYZUlwaVFrNGJDekRtQlJKQUxlR2ZURERidkNrMlRoSWpYNnV0NFdIUW1lSmxydHFMeEV1SjB5VzVrdw?oc=5\" target=\"_blank\" rel=\"nofollow noopener\">Rodrigo Mora perto da transfer\u00eancia para o futebol saudita<\/a>&nbsp;&nbsp;RTP<\/li>\n<li><a href=\"https:\/\/news.google.com\/rss\/articles\/CBMiuAFBVV95cUxQaUE3RXhhcl9DZk5Jc1lUSDZiRXBtWnp2UHJVSTg5R1FhSENXR2NOV1lqcm8xRk03U1N2WDlHRzVDY1cxLWpPT1JUczZHekRJRkZJR20tY1RHX1pEZ2ZtWFprckk1em5GZWs5eDJEdWRDZnNGU2RoOWNMOFNZRkh6NGhGeE5XcXlMM0tsdFdfQk9GdGxkR1g1elNiR3dNQ29IRE8wUGZXbFZSQjFtSGpRMFR4c3pVUDIz?oc=5\" target=\"_blank\" rel=\"nofollow noopener\">\ud83d\uded2 \u00c1rabes podem pagar FORTUNA por promessa do Porto; Bar\u00e7a quer Vanderson<\/a>&nbsp;&nbsp;OneFootball<\/li>\n<\/ol>\n","protected":false},"excerpt":{"rendered":"FC Porto rejeita proposta de 50 milh\u00f5es de euros por Rodrigo Mora&nbsp;&nbsp;O Jogo Barcelona insiste em contratar jogador&hellip;\n","protected":false},"author":2,"featured_media":41815,"comment_status":"","ping_status":"","sticky":false,"template":"","format":"standard","meta":{"footnotes":""},"categories":[8],"tags":[27,28,15,16,14,25,26,21,22,12,13,19,20,32,23,24,33,17,18,29,30,31],"class_list":{"0":"post-42221","1":"post","2":"type-post","3":"status-publish","4":"format-standard","5":"has-post-thumbnail","7":"category-principais-noticias","8":"tag-breaking-news","9":"tag-breakingnews","10":"tag-featured-news","11":"tag-featurednews","12":"tag-headlines","13":"tag-latest-news","14":"tag-latestnews","15":"tag-main-news","16":"tag-mainnews","17":"tag-news","18":"tag-noticias","19":"tag-noticias-principais","20":"tag-noticiasprincipais","21":"tag-portugal","22":"tag-principais-noticias","23":"tag-principaisnoticias","24":"tag-pt","25":"tag-top-stories","26":"tag-topstories","27":"tag-ultimas","28":"tag-ultimas-noticias","29":"tag-ultimasnoticias"},"share_on_mastodon":{"url":"","error":""},"_links":{"self":[{"href":"https:\/\/www.europesays.com\/pt\/wp-json\/wp\/v2\/posts\/42221","targetHints":{"allow":["GET"]}}],"collection":[{"href":"https:\/\/www.europesays.com\/pt\/wp-json\/wp\/v2\/posts"}],"about":[{"href":"https:\/\/www.europesays.com\/pt\/wp-json\/wp\/v2\/types\/post"}],"author":[{"embeddable":true,"href":"https:\/\/www.europesays.com\/pt\/wp-json\/wp\/v2\/users\/2"}],"replies":[{"embeddable":true,"href":"https:\/\/www.europesays.com\/pt\/wp-json\/wp\/v2\/comments?post=42221"}],"version-history":[{"count":0,"href":"https:\/\/www.europesays.com\/pt\/wp-json\/wp\/v2\/posts\/42221\/revisions"}],"wp:featuredmedia":[{"embeddable":true,"href":"https:\/\/www.europesays.com\/pt\/wp-json\/wp\/v2\/media\/41815"}],"wp:attachment":[{"href":"https:\/\/www.europesays.com\/pt\/wp-json\/wp\/v2\/media?parent=42221"}],"wp:term":[{"taxonomy":"category","embeddable":true,"href":"https:\/\/www.europesays.com\/pt\/wp-json\/wp\/v2\/categories?post=42221"},{"taxonomy":"post_tag","embeddable":true,"href":"https:\/\/www.europesays.com\/pt\/wp-json\/wp\/v2\/tags?post=42221"}],"curies":[{"name":"wp","href":"https:\/\/api.w.org\/{rel}","templated":true}]}}