{"id":422534,"date":"2026-06-18T16:20:14","date_gmt":"2026-06-18T16:20:14","guid":{"rendered":"https:\/\/www.europesays.com\/pt\/422534\/"},"modified":"2026-06-18T16:20:14","modified_gmt":"2026-06-18T16:20:14","slug":"bc-demorou-para-ganhar-credibilidade-e-perdeu-rapidamente-diz-kanczuk-desmereceu-mandato-intraday","status":"publish","type":"post","link":"https:\/\/www.europesays.com\/pt\/422534\/","title":{"rendered":"BC demorou para ganhar credibilidade e perdeu rapidamente, diz Kanczuk: \u2018Desmereceu mandato\u2019 | Intraday"},"content":{"rendered":"\n<p class=\" content-text__container theme-color-primary-first-letter\" data-track-category=\"Link no Texto\" data-track-links=\"\"> Os elementos mais conservadores do comunicado divulgado ontem pelo Copom foram insignificantes frente ao tamanho da mudan\u00e7a promovida pelo colegiado em seu arcabou\u00e7o, ao rolar o horizonte relevante de pol\u00edtica monet\u00e1ria para acomodar um corte de juros. Segundo o ex-diretor de pol\u00edtica econ\u00f4mica do Banco Central Fabio Kanczuk, a decis\u00e3o ter\u00e1 um custo de credibilidade relevante, que j\u00e1 \u00e9 refletido no comportamento de inclina\u00e7\u00e3o da curva dos juros nominais observado no mercado hoje.<\/p>\n","protected":false},"excerpt":{"rendered":"Os elementos mais conservadores do comunicado divulgado ontem pelo Copom foram insignificantes frente ao tamanho da mudan\u00e7a promovida&hellip;\n","protected":false},"author":2,"featured_media":422535,"comment_status":"","ping_status":"","sticky":false,"template":"","format":"standard","meta":{"footnotes":"","_share_on_mastodon":"0"},"categories":[141],"tags":[68826,114,115,68825,1215,68823,68824,149,150,3658,68822,1212,32,33],"class_list":["post-422534","post","type-post","status-publish","format-standard","has-post-thumbnail","category-musica","tag-copom","tag-entertainment","tag-entretenimento","tag-fabio-kanczuk","tag-inflacao","tag-juros-nominais","tag-meta-de-inflacao","tag-music","tag-musica","tag-pib","tag-politica-economica","tag-politica-monetaria","tag-portugal","tag-pt"],"share_on_mastodon":{"url":"https:\/\/pubeurope.com\/@pt\/116772027023600525","error":""},"_links":{"self":[{"href":"https:\/\/www.europesays.com\/pt\/wp-json\/wp\/v2\/posts\/422534","targetHints":{"allow":["GET"]}}],"collection":[{"href":"https:\/\/www.europesays.com\/pt\/wp-json\/wp\/v2\/posts"}],"about":[{"href":"https:\/\/www.europesays.com\/pt\/wp-json\/wp\/v2\/types\/post"}],"author":[{"embeddable":true,"href":"https:\/\/www.europesays.com\/pt\/wp-json\/wp\/v2\/users\/2"}],"replies":[{"embeddable":true,"href":"https:\/\/www.europesays.com\/pt\/wp-json\/wp\/v2\/comments?post=422534"}],"version-history":[{"count":0,"href":"https:\/\/www.europesays.com\/pt\/wp-json\/wp\/v2\/posts\/422534\/revisions"}],"wp:featuredmedia":[{"embeddable":true,"href":"https:\/\/www.europesays.com\/pt\/wp-json\/wp\/v2\/media\/422535"}],"wp:attachment":[{"href":"https:\/\/www.europesays.com\/pt\/wp-json\/wp\/v2\/media?parent=422534"}],"wp:term":[{"taxonomy":"category","embeddable":true,"href":"https:\/\/www.europesays.com\/pt\/wp-json\/wp\/v2\/categories?post=422534"},{"taxonomy":"post_tag","embeddable":true,"href":"https:\/\/www.europesays.com\/pt\/wp-json\/wp\/v2\/tags?post=422534"}],"curies":[{"name":"wp","href":"https:\/\/api.w.org\/{rel}","templated":true}]}}