{"id":422651,"date":"2026-06-18T17:54:15","date_gmt":"2026-06-18T17:54:15","guid":{"rendered":"https:\/\/www.europesays.com\/pt\/422651\/"},"modified":"2026-06-18T17:54:15","modified_gmt":"2026-06-18T17:54:15","slug":"renovaveis-asseguram-quase-tres-quartos-da-eletricidade-produzida-em-maio-energia","status":"publish","type":"post","link":"https:\/\/www.europesays.com\/pt\/422651\/","title":{"rendered":"Renov\u00e1veis asseguram quase tr\u00eas quartos da eletricidade produzida em maio &#8211; Energia"},"content":{"rendered":"<p class=\"\">&#13;<br \/>\n        As <b>energias renov\u00e1veis asseguraram 72,7% da eletricidade produzida em Portugal continental durante o m\u00eas de maio <\/b>e foram suficientes para abastecer a totalidade do consumo nacional durante 79 horas n\u00e3o consecutivas, segundo o mais recente Boletim de Eletricidade Renov\u00e1vel da Associa\u00e7\u00e3o Portuguesa de Energias Renov\u00e1veis (APREN). &#13;\n    <\/p>\n<p class=\"\">&#13;<br \/>\n        Em maio, as fontes renov\u00e1veis produziram 2.651 gigawatts-hora (GWh) de eletricidade, num total de 3.648 GWh gerados no sistema el\u00e9trico nacional. A <b>e<\/b><b>nergia h\u00eddrica liderou a produ\u00e7\u00e3o<\/b>, com 24% do total, seguida da e\u00f3lica,\u00a0 e da solar fotovoltaica, com 22,8% e 19,8%, respetivamente. A bioenergia representou 6%. No acumulado do ano, o sistema el\u00e9trico operou durante 737 horas exclusivamente com energia renov\u00e1vel.&#13;\n    <\/p>\n<p class=\"\">&#13;<br \/>\n        Portugal mant\u00e9m-se entre os pa\u00edses europeus com maior incorpora\u00e7\u00e3o de energias renov\u00e1veis na gera\u00e7\u00e3o el\u00e9trica. Com uma <b>quota de 76,3%, ocupa o terceiro lugar do ranking europeu<\/b>, atr\u00e1s apenas da Noruega e da Dinamarca.&#13;\n    <\/p>\n<p>Renov\u00e1veis poupam mais de mil milh\u00f5es em cinco meses<\/p>\n<p class=\"\">&#13;<br \/>\n        <b>Entre janeiro e maio, a produ\u00e7\u00e3o renov\u00e1vel evitou mais de 1,08 mil milh\u00f5es de euros em custos<\/b> para a economia portuguesa. Segundo a APREN, foram poupados 442 milh\u00f5es de euros em importa\u00e7\u00f5es de g\u00e1s natural, 351 milh\u00f5es em eletricidade comprada ao exterior e 290 milh\u00f5es em licen\u00e7as de emiss\u00e3o de CO2.&#13;\n    <\/p>\n<p class=\"\">&#13;<br \/>\n        A associa\u00e7\u00e3o destaca tamb\u00e9m o impacto das renov\u00e1veis nos pre\u00e7os da eletricidade. Apesar de o pre\u00e7o m\u00e9dio do mercado ib\u00e9rico (MIBEL) ter sido de 86,1 euros por MWh em maio, o valor m\u00e9dio acumulado desde o in\u00edcio do ano caiu para 44,5 euros por MWh, menos 27,2% do que no mesmo per\u00edodo de 2025. &#13;\n    <\/p>\n<p class=\"\">&#13;<br \/>\n        Citada no boletim, a coordenadora de Pol\u00edticas e Intelig\u00eancia de Mercado da APREN, Susana Ser\u00f4dio, defende que o pa\u00eds deve acelerar o investimento e remover obst\u00e1culos ao desenvolvimento de novos projetos para aproveitar todo o potencial da energia renov\u00e1vel.&#13;\n    <\/p>\n<p class=\"\">&#13;<br \/>\n        &#8220;Os dados de maio demonstram que Portugal continua a afirmar-se como um dos pa\u00edses europeus com maior incorpora\u00e7\u00e3o renov\u00e1vel no setor el\u00e9trico. Por\u00e9m, \u00e9 urgente continuarmos a investir e desbloquearmos os entraves que hoje existem&#8221;, afirma. &#13;\n    <\/p>\n<p class=\"\">&#13;<br \/>\n        Os dados mostram ainda que, <b>no final de abril, as fontes renov\u00e1veis representavam 79,4% da pot\u00eancia instalada em Portugal continental<\/b>. Na \u00faltima d\u00e9cada, essa capacidade cresceu 82,6%, refletindo o avan\u00e7o da descarboniza\u00e7\u00e3o do sistema el\u00e9trico nacional. &#13;\n    <\/p>\n","protected":false},"excerpt":{"rendered":"&#13; As energias renov\u00e1veis asseguraram 72,7% da eletricidade produzida em Portugal continental durante o m\u00eas de maio e&hellip;\n","protected":false},"author":2,"featured_media":422652,"comment_status":"","ping_status":"","sticky":false,"template":"","format":"standard","meta":{"footnotes":"","_share_on_mastodon":"0"},"categories":[83],"tags":[55161,88,89,90,15845,59487,16648,64456,32,33],"class_list":["post-422651","post","type-post","status-publish","format-standard","has-post-thumbnail","category-empresas","tag-apren","tag-business","tag-economy","tag-empresas","tag-energia-solar","tag-mil-milhoes-de-euros","tag-milhoes","tag-milhoes-de-euros","tag-portugal","tag-pt"],"share_on_mastodon":{"url":"https:\/\/pubeurope.com\/@pt\/116772396479740864","error":""},"_links":{"self":[{"href":"https:\/\/www.europesays.com\/pt\/wp-json\/wp\/v2\/posts\/422651","targetHints":{"allow":["GET"]}}],"collection":[{"href":"https:\/\/www.europesays.com\/pt\/wp-json\/wp\/v2\/posts"}],"about":[{"href":"https:\/\/www.europesays.com\/pt\/wp-json\/wp\/v2\/types\/post"}],"author":[{"embeddable":true,"href":"https:\/\/www.europesays.com\/pt\/wp-json\/wp\/v2\/users\/2"}],"replies":[{"embeddable":true,"href":"https:\/\/www.europesays.com\/pt\/wp-json\/wp\/v2\/comments?post=422651"}],"version-history":[{"count":0,"href":"https:\/\/www.europesays.com\/pt\/wp-json\/wp\/v2\/posts\/422651\/revisions"}],"wp:featuredmedia":[{"embeddable":true,"href":"https:\/\/www.europesays.com\/pt\/wp-json\/wp\/v2\/media\/422652"}],"wp:attachment":[{"href":"https:\/\/www.europesays.com\/pt\/wp-json\/wp\/v2\/media?parent=422651"}],"wp:term":[{"taxonomy":"category","embeddable":true,"href":"https:\/\/www.europesays.com\/pt\/wp-json\/wp\/v2\/categories?post=422651"},{"taxonomy":"post_tag","embeddable":true,"href":"https:\/\/www.europesays.com\/pt\/wp-json\/wp\/v2\/tags?post=422651"}],"curies":[{"name":"wp","href":"https:\/\/api.w.org\/{rel}","templated":true}]}}