{"id":422820,"date":"2026-06-18T20:55:18","date_gmt":"2026-06-18T20:55:18","guid":{"rendered":"https:\/\/www.europesays.com\/pt\/422820\/"},"modified":"2026-06-18T20:55:18","modified_gmt":"2026-06-18T20:55:18","slug":"benfica-assina-acordo-com-livemode-tv-relacionado-com-o-mundial-2026","status":"publish","type":"post","link":"https:\/\/www.europesays.com\/pt\/422820\/","title":{"rendered":"Benfica assina acordo com LiveMode TV relacionado com o Mundial 2026"},"content":{"rendered":"<p>&#8211; Advertisement &#8211;<\/p>\n<p class=\"wp-block-paragraph\">O Benfica emitiu um comunicado a referir que assinou um acordo com a LiveMode TV, relacionado com o <a href=\"https:\/\/bolanarede.pt\/etiqueta\/mundial-2026\/\" target=\"_blank\" rel=\"noreferrer noopener nofollow\">Mundial 2026<\/a>. Passa assim a existir um v\u00ednculo entre as duas partes, sendo que ser\u00e3o partilhados conte\u00fados, especialmente com jogadores dos encarnados que est\u00e3o envolvidos na prova.<\/p>\n<p class=\"wp-block-paragraph\">As \u00e1guias v\u00e3o fazer uma ampla divulga\u00e7\u00e3o das transmiss\u00f5es da plataforma, j\u00e1 que a LiveMode TV vai transmitir v\u00e1rios encontros do Mundial 2026, em direto no YouTube.<\/p>\n<p class=\"wp-block-paragraph\">Eis o comunicado:<\/p>\n<p class=\"wp-block-paragraph\">\u00abO Sport Lisboa e Benfica e a LiveModeTV assinaram uma parceria estrat\u00e9gica no \u00e2mbito do Mundial 2026. O acordo baseia-se numa l\u00f3gica de coopera\u00e7\u00e3o m\u00fatua, com foco na partilha de conte\u00fados exclusivos e na promo\u00e7\u00e3o conjunta das respetivas plataformas digitais.<\/p>\n<p class=\"wp-block-paragraph\">Ao abrigo deste compromisso, a LiveModeTV passar\u00e1 a disponibilizar e a promover iniciativas e conte\u00fados institucionais do Sport Lisboa e Benfica junto da sua vasta audi\u00eancia digital, conferindo maior visibilidade a projetos estrat\u00e9gicos e lan\u00e7amentos oficiais do Clube.<\/p>\n<p class=\"wp-block-paragraph\">Em contrapartida, o Sport Lisboa e Benfica apoiar\u00e1 ativamente a divulga\u00e7\u00e3o das transmiss\u00f5es da LiveModeTV durante o Mundial FIFA 2026. Esta colabora\u00e7\u00e3o incidir\u00e1 de forma particular nos encontros que contem com a participa\u00e7\u00e3o de atletas do Clube, potenciando a notoriedade e o alcance da marca LiveModeTV junto da comunidade benfiquista.<\/p>\n<p class=\"wp-block-paragraph\">Com esta alian\u00e7a, ambas as entidades refor\u00e7am o seu compromisso em aproximar os adeptos dos grandes palcos do futebol mundial, recorrendo a conte\u00fados digitais inovadores, din\u00e2micos e de elevado valor acrescentado.<\/p>\n","protected":false},"excerpt":{"rendered":"&#8211; Advertisement &#8211; O Benfica emitiu um comunicado a referir que assinou um acordo com a LiveMode TV,&hellip;\n","protected":false},"author":2,"featured_media":422821,"comment_status":"","ping_status":"","sticky":false,"template":"","format":"standard","meta":{"footnotes":"","_share_on_mastodon":"0"},"categories":[8],"tags":[260,51,27,28,15,16,14,25,26,68856,21,22,12,13,19,20,32,23,24,33,17,18,29,30,31],"class_list":["post-422820","post","type-post","status-publish","format-standard","has-post-thumbnail","category-principais-noticias","tag-atualidade","tag-benfica","tag-breaking-news","tag-breakingnews","tag-featured-news","tag-featurednews","tag-headlines","tag-latest-news","tag-latestnews","tag-livemodetv","tag-main-news","tag-mainnews","tag-news","tag-noticias","tag-noticias-principais","tag-noticiasprincipais","tag-portugal","tag-principais-noticias","tag-principaisnoticias","tag-pt","tag-top-stories","tag-topstories","tag-ultimas","tag-ultimas-noticias","tag-ultimasnoticias"],"share_on_mastodon":{"url":"https:\/\/pubeurope.com\/@pt\/116773108529770035","error":""},"_links":{"self":[{"href":"https:\/\/www.europesays.com\/pt\/wp-json\/wp\/v2\/posts\/422820","targetHints":{"allow":["GET"]}}],"collection":[{"href":"https:\/\/www.europesays.com\/pt\/wp-json\/wp\/v2\/posts"}],"about":[{"href":"https:\/\/www.europesays.com\/pt\/wp-json\/wp\/v2\/types\/post"}],"author":[{"embeddable":true,"href":"https:\/\/www.europesays.com\/pt\/wp-json\/wp\/v2\/users\/2"}],"replies":[{"embeddable":true,"href":"https:\/\/www.europesays.com\/pt\/wp-json\/wp\/v2\/comments?post=422820"}],"version-history":[{"count":0,"href":"https:\/\/www.europesays.com\/pt\/wp-json\/wp\/v2\/posts\/422820\/revisions"}],"wp:featuredmedia":[{"embeddable":true,"href":"https:\/\/www.europesays.com\/pt\/wp-json\/wp\/v2\/media\/422821"}],"wp:attachment":[{"href":"https:\/\/www.europesays.com\/pt\/wp-json\/wp\/v2\/media?parent=422820"}],"wp:term":[{"taxonomy":"category","embeddable":true,"href":"https:\/\/www.europesays.com\/pt\/wp-json\/wp\/v2\/categories?post=422820"},{"taxonomy":"post_tag","embeddable":true,"href":"https:\/\/www.europesays.com\/pt\/wp-json\/wp\/v2\/tags?post=422820"}],"curies":[{"name":"wp","href":"https:\/\/api.w.org\/{rel}","templated":true}]}}