{"id":422934,"date":"2026-06-18T23:10:13","date_gmt":"2026-06-18T23:10:13","guid":{"rendered":"https:\/\/www.europesays.com\/pt\/422934\/"},"modified":"2026-06-18T23:10:13","modified_gmt":"2026-06-18T23:10:13","slug":"sp-aplica-vacina-pneumococica-20-em-criancas-ate-4-anos-18-06-2026-equilibrio-e-saude","status":"publish","type":"post","link":"https:\/\/www.europesays.com\/pt\/422934\/","title":{"rendered":"SP aplica vacina pneumoc\u00f3cica 20 em crian\u00e7as at\u00e9 4 anos &#8211; 18\/06\/2026 &#8211; Equil\u00edbrio e Sa\u00fade"},"content":{"rendered":"<p>A Prefeitura de S\u00e3o Paulo come\u00e7a a aplicar neste s\u00e1bado (20) a <a href=\"https:\/\/www1.folha.uol.com.br\/equilibrio\/2026\/06\/sus-vai-ofertar-nova-vacina-pneumococica-para-criancas.shtml\" rel=\"nofollow noopener\" target=\"\">vacina pneumoc\u00f3cica 20-valente <\/a>em crian\u00e7as de at\u00e9 4 anos, 11 meses e 29 dias. O novo imunizante substitui gradualmente a vacina pneumoc\u00f3cica 10-valente no calend\u00e1rio infantil.<\/p>\n<p>A vacina protege contra doen\u00e7as causadas pela bact\u00e9ria Streptococcus pneumoniae, o pneumococo. A bact\u00e9ria pode provocar desde infec\u00e7\u00f5es mais leves, como otite, at\u00e9 doen\u00e7as graves, como pneumonia, <a href=\"https:\/\/www1.folha.uol.com.br\/equilibrioesaude\/2026\/05\/exames-apontam-meningite-em-paciente-internado-no-emilio-ribas-sp-com-suspeita-de-ebola.shtml\" rel=\"nofollow noopener\" target=\"\">meningite <\/a>e bacteremia \u2014infec\u00e7\u00e3o generalizada do sangue.<\/p>\n<p>A nova vers\u00e3o \u00e9 chamada de 20-valente porque age contra 20 varia\u00e7\u00f5es diferentes dessa bact\u00e9ria. A que estava em uso at\u00e9 agora, a 10-valente, protegia contra apenas dez.<\/p>\n<p>A <a href=\"https:\/\/www1.folha.uol.com.br\/folha-topicos\/vacinacao\/\" rel=\"nofollow noopener\" target=\"_blank\">vacina\u00e7\u00e3o<\/a> come\u00e7a neste s\u00e1bado nas AMAs\/UBSs Integradas das 7h \u00e0s 19h. A partir de segunda-feira (22), a aplica\u00e7\u00e3o ser\u00e1 ampliada para todas as UBSs da capital. A Secretaria Municipal da <a href=\"https:\/\/www1.folha.uol.com.br\/folha-topicos\/saude\/\" rel=\"nofollow noopener\" target=\"_blank\">Sa\u00fade<\/a> recebeu 26.890 doses enviadas pelo <a href=\"https:\/\/www1.folha.uol.com.br\/folha-topicos\/ministerio-da-saude\/\" rel=\"nofollow noopener\" target=\"_blank\">Minist\u00e9rio da Sa\u00fade<\/a>.<\/p>\n<p>A dose aplicada a cada crian\u00e7a depende do hist\u00f3rico vacinal individual e das doses da VPC10 j\u00e1 recebidas. A incorpora\u00e7\u00e3o da nova vacina ao calend\u00e1rio segue as diretrizes do PNI (Programa Nacional de Imuniza\u00e7\u00f5es). A expectativa da secretaria \u00e9 beneficiar cerca de 116 mil crian\u00e7as no munic\u00edpio at\u00e9 o fim de 2026.<\/p>\n<p>A coordenadora de Vigil\u00e2ncia em Sa\u00fade, Mariana Ara\u00fajo, destacou que a atualiza\u00e7\u00e3o refor\u00e7a a import\u00e2ncia de manter a carteirinha de vacina\u00e7\u00e3o em dia. Pais e respons\u00e1veis devem procurar uma unidade de sa\u00fade para verificar se h\u00e1 doses pendentes.<\/p>\n<p>A vacina tem contraindica\u00e7\u00e3o?<\/p>\n<p>N\u00e3o deve ser administrada em caso de rea\u00e7\u00e3o al\u00e9rgica grave a qualquer componente de Prevenar 20 ou ao toxoide dift\u00e9rico.<\/p>\n<p>Quais os efeitos colaterais esperados?<\/p>\n<p>Dor local \u2014as vacinas pneumoc\u00f3cicas s\u00e3o um pouco mais dolorosas\u2014, incha\u00e7o, vermelhid\u00e3o e febre podem aparecer. S\u00e3o sintomas que n\u00e3o deixam sequelas e podem ser resolvidos com antit\u00e9rmico, se necess\u00e1rio, e compressa gelada no local da aplica\u00e7\u00e3o.<\/p>\n<p>O que \u00e9 doen\u00e7a pneumoc\u00f3cica?<\/p>\n<p>Infec\u00e7\u00e3o causada pela bact\u00e9ria Streptococcus pneumoniae (pneumococo), que pode causar v\u00e1rias doen\u00e7as graves, como pneumonias,<a href=\"https:\/\/www1.folha.uol.com.br\/equilibrioesaude\/2023\/07\/numero-de-casos-de-meningite-em-sao-paulo-aumenta-23.shtml\" rel=\"nofollow noopener\" target=\"_blank\"> meningite<\/a> e bacteremia (infec\u00e7\u00e3o generalizada do sangue), e mais brandas, como <a href=\"https:\/\/m.folha.uol.com.br\/equilibrioesaude\/2009\/08\/611233-sus-tera-vacina-gratuita-contra-pneumonia-meningite-e-otite-em-2010.shtml\" rel=\"nofollow noopener\" target=\"_blank\">a otite<\/a>.<\/p>\n<p>Como \u00e9 transmitida?<\/p>\n<p>De pessoa para pessoa, por meio de secre\u00e7\u00f5es e got\u00edculas de saliva liberadas ao tossir, espirrar ou falar.<\/p>\n","protected":false},"excerpt":{"rendered":"A Prefeitura de S\u00e3o Paulo come\u00e7a a aplicar neste s\u00e1bado (20) a vacina pneumoc\u00f3cica 20-valente em crian\u00e7as de&hellip;\n","protected":false},"author":2,"featured_media":422935,"comment_status":"","ping_status":"","sticky":false,"template":"","format":"standard","meta":{"footnotes":"","_share_on_mastodon":"0"},"categories":[86],"tags":[236,116,3130,11291,1208,4993,1703,2879,32,33,117,2820],"class_list":["post-422934","post","type-post","status-publish","format-standard","has-post-thumbnail","category-saude","tag-folha","tag-health","tag-imunizacao","tag-imunobiologicos","tag-medicina","tag-meningite","tag-ministerio-da-saude","tag-pneumonia","tag-portugal","tag-pt","tag-saude","tag-vacinacao"],"share_on_mastodon":{"url":"https:\/\/pubeurope.com\/@pt\/116773639022045697","error":""},"_links":{"self":[{"href":"https:\/\/www.europesays.com\/pt\/wp-json\/wp\/v2\/posts\/422934","targetHints":{"allow":["GET"]}}],"collection":[{"href":"https:\/\/www.europesays.com\/pt\/wp-json\/wp\/v2\/posts"}],"about":[{"href":"https:\/\/www.europesays.com\/pt\/wp-json\/wp\/v2\/types\/post"}],"author":[{"embeddable":true,"href":"https:\/\/www.europesays.com\/pt\/wp-json\/wp\/v2\/users\/2"}],"replies":[{"embeddable":true,"href":"https:\/\/www.europesays.com\/pt\/wp-json\/wp\/v2\/comments?post=422934"}],"version-history":[{"count":0,"href":"https:\/\/www.europesays.com\/pt\/wp-json\/wp\/v2\/posts\/422934\/revisions"}],"wp:featuredmedia":[{"embeddable":true,"href":"https:\/\/www.europesays.com\/pt\/wp-json\/wp\/v2\/media\/422935"}],"wp:attachment":[{"href":"https:\/\/www.europesays.com\/pt\/wp-json\/wp\/v2\/media?parent=422934"}],"wp:term":[{"taxonomy":"category","embeddable":true,"href":"https:\/\/www.europesays.com\/pt\/wp-json\/wp\/v2\/categories?post=422934"},{"taxonomy":"post_tag","embeddable":true,"href":"https:\/\/www.europesays.com\/pt\/wp-json\/wp\/v2\/tags?post=422934"}],"curies":[{"name":"wp","href":"https:\/\/api.w.org\/{rel}","templated":true}]}}