{"id":422952,"date":"2026-06-18T23:35:14","date_gmt":"2026-06-18T23:35:14","guid":{"rendered":"https:\/\/www.europesays.com\/pt\/422952\/"},"modified":"2026-06-18T23:35:14","modified_gmt":"2026-06-18T23:35:14","slug":"ha-91-anos-tres-operarios-colocavam-no-ar-a-primeira-radio-de-natal","status":"publish","type":"post","link":"https:\/\/www.europesays.com\/pt\/422952\/","title":{"rendered":"H\u00e1 91 anos, tr\u00eas oper\u00e1rios colocavam no ar a primeira r\u00e1dio de Natal"},"content":{"rendered":"<p>Quando a noite caiu sobre Natal em 18 de junho de 1935, a cidade ainda era pequena. Com pouco mais de 40 mil habitantes, ruas tranquilas e poucos aparelhos receptores espalhados pelas casas, a capital potiguar come\u00e7ava a ouvir uma novidade tecnol\u00f3gica que transformava a comunica\u00e7\u00e3o em v\u00e1rias partes do mundo. A partir de uma resid\u00eancia na Cidade Alta, tr\u00eas trabalhadores colocaram no ar uma transmiss\u00e3o radiof\u00f4nica que, hoje se sabe, marcou o verdadeiro nascimento do r\u00e1dio no Rio Grande do Norte.<\/p>\n<p>A data, que completa 91 anos nesta quinta-feira (18), foi identificada por uma pesquisa dos professores e pesquisadores da Universidade Federal do Rio Grande do Norte (UFRN), Ciro Pedroza e Valqu\u00edria Kneipp. O estudo encontrou registros no jornal cat\u00f3lico A Ordem que comprovam o funcionamento da R\u00e1dio Sociedade do Rio Grande do Norte, emissora que entrou no ar seis anos antes da cria\u00e7\u00e3o da R\u00e1dio Educadora de Natal (REN), tradicionalmente apontada como pioneira da radiodifus\u00e3o potiguar.<\/p>\n<p>                    <img decoding=\"async\" src=\"https:\/\/www.europesays.com\/pt\/wp-content\/uploads\/2026\/06\/925c9bb4-122a-4250-a422-b8dbb0687f31.jpg\" alt=\"\"\/><\/p>\n<p>                    <img decoding=\"async\" src=\"https:\/\/www.europesays.com\/pt\/wp-content\/uploads\/2026\/06\/eebe4f74-68d1-49f7-aa20-2d29dafaccb0.jpg\" alt=\"\"\/><\/p>\n<p>A descoberta ganha relev\u00e2ncia n\u00e3o apenas por corrigir uma data hist\u00f3rica, mas por reposicionar personagens que ficaram \u00e0 margem da narrativa oficial. Em vez de empres\u00e1rios, pol\u00edticos ou institui\u00e7\u00f5es, os respons\u00e1veis pela primeira transmiss\u00e3o radiof\u00f4nica registrada no estado foram trabalhadores ligados aos servi\u00e7os p\u00fablicos e \u00e0s atividades portu\u00e1rias da capital. O eletricista dos Correios e Tel\u00e9grafos Durval Gomes Barbosa, o mec\u00e2nico da Companhia de Melhoramentos do Porto Rom\u00e3o Lord\u00e3o Lacerda e o guarda da Alf\u00e2ndega e seresteiro Pedro Machado reuniram conhecimentos t\u00e9cnicos, equipamentos e entusiasmo para criar uma emissora que funcionaria, ainda que brevemente, como a primeira experi\u00eancia radiof\u00f4nica potiguar.<\/p>\n<p><img decoding=\"async\" src=\"https:\/\/www.europesays.com\/pt\/wp-content\/uploads\/2026\/06\/image-7-1024x563.png\" alt=\"\" class=\"wp-image-172682\"\/>Foto: ceida<\/p>\n<p>O est\u00fadio da R\u00e1dio Sociedade estava longe da estrutura que mais tarde caracterizaria as emissoras comerciais. Funcionava na casa de Pedro Machado, localizada na rua Presidente Passos, n\u00famero 546, na Cidade Alta. Era ali que m\u00fasicos e seresteiros da cidade se reuniam para cantar can\u00e7\u00f5es populares, executar serenatas e enviar cumprimentos aos ouvintes. Em uma \u00e9poca em que o r\u00e1dio ainda despertava curiosidade e fasc\u00ednio, a programa\u00e7\u00e3o misturava m\u00fasica, mensagens e a simples celebra\u00e7\u00e3o da possibilidade de falar para uma audi\u00eancia invis\u00edvel espalhada pelos diferentes bairros de Natal.<\/p>\n<p>A pesquisa que levou \u00e0 redescoberta dessa hist\u00f3ria teve origem em uma pista deixada d\u00e9cadas antes pelo pesquisador Gumercindo Saraiva. Em 1983, ele publicou um artigo na revista da Academia Norte-rio-grandense de Letras contestando a vers\u00e3o consolidada de que a R\u00e1dio Educadora de Natal teria sido a primeira emissora do estado. Embora apontasse a exist\u00eancia de uma experi\u00eancia anterior em 1935, o estudo n\u00e3o conseguia determinar exatamente quando as transmiss\u00f5es haviam come\u00e7ado. Foi somente com a an\u00e1lise sistem\u00e1tica dos exemplares do jornal A Ordem que os pesquisadores encontraram as refer\u00eancias necess\u00e1rias para estabelecer a data precisa do in\u00edcio das opera\u00e7\u00f5es da R\u00e1dio Sociedade.<\/p>\n<p>Segundo Ciro Pedroza, a documenta\u00e7\u00e3o encontrada permite revisar oficialmente o marco inicial da radiodifus\u00e3o potiguar. &#8220;O que n\u00f3s pretendemos \u00e9 que a data de nascimento do r\u00e1dio natalense seja atualizada, a exemplo do que vem acontecendo em v\u00e1rios lugares do pa\u00eds. Em vez de novembro de 1941, a nova certid\u00e3o de nascimento do r\u00e1dio potiguar deve ser conferida ao dia 18 de junho de 1935&#8221;, afirma o pesquisador em entrevista \u00e0 Ag\u00eancia Saiba Mais.<\/p>\n<p>A trajet\u00f3ria da R\u00e1dio Sociedade, no entanto, foi curta. A emissora operou por apenas quatro meses. Sem conseguir obter autoriza\u00e7\u00e3o junto ao Minist\u00e9rio da Via\u00e7\u00e3o, \u00f3rg\u00e3o federal respons\u00e1vel pelas concess\u00f5es radiof\u00f4nicas na \u00e9poca, acabou encerrando suas atividades em setembro de 1935. O fechamento n\u00e3o impediu, por\u00e9m, que a experi\u00eancia deixasse marcas profundas. Muitos dos nomes que participariam da funda\u00e7\u00e3o da R\u00e1dio Educadora de Natal, criada em novembro de 1941, j\u00e1 haviam colaborado com a iniciativa pioneira, entre eles os comerciantes Carlos Farache e Carlos Lama. A pr\u00f3pria REN pode ser vista, sob essa perspectiva, como uma continua\u00e7\u00e3o institucional de uma experi\u00eancia iniciada anos antes por um grupo de entusiastas.<\/p>\n<p>Para os pesquisadores, o reconhecimento da R\u00e1dio Sociedade tamb\u00e9m dialoga com um movimento mais amplo de revis\u00e3o da hist\u00f3ria do r\u00e1dio brasileiro. Nos \u00faltimos anos, diversos estudos t\u00eam questionado vers\u00f5es consagradas sobre o surgimento da radiodifus\u00e3o no pa\u00eds. Um dos marcos desse processo ocorreu em 2019, durante o XII Encontro Nacional de Hist\u00f3ria da M\u00eddia, realizado em Natal. Na ocasi\u00e3o, pesquisadores reunidos no evento assinaram a chamada Carta de Natal, documento que reconheceu o dia 6 de abril de 1919 como a data inaugural da radiodifus\u00e3o brasileira, atribuindo \u00e0 ent\u00e3o R\u00e1dio Club de Pernambuco as primeiras transmiss\u00f5es sonoras regulares do pa\u00eds. Entre os participantes da discuss\u00e3o estava o pr\u00f3prio Ciro Pedroza.<\/p>\n<p>A revis\u00e3o proposta para o caso potiguar segue a mesma l\u00f3gica: buscar evid\u00eancias documentais, confrontar narrativas consolidadas e ampliar o reconhecimento de personagens que ajudaram a construir a hist\u00f3ria da comunica\u00e7\u00e3o. Nesse sentido, a pesquisa desenvolvida por Ciro Pedroza e Valqu\u00edria Kneipp n\u00e3o reivindica apenas uma corre\u00e7\u00e3o cronol\u00f3gica. Ela prop\u00f5e uma mudan\u00e7a de perspectiva sobre quem foram os respons\u00e1veis por introduzir o r\u00e1dio no estado.<\/p>\n<p>Durante d\u00e9cadas, a mem\u00f3ria da R\u00e1dio Sociedade permaneceu abafada pelo sucesso posterior da R\u00e1dio Educadora. A aus\u00eancia de grava\u00e7\u00f5es, o curto per\u00edodo de funcionamento e a falta de reconhecimento oficial contribu\u00edram para que sua hist\u00f3ria fosse gradualmente esquecida. Ainda assim, as marcas daquela experi\u00eancia permaneceram registradas em jornais, documentos e refer\u00eancias dispersas que resistiram ao tempo.<\/p>\n<p>Noventa e um anos depois, a redescoberta desses registros permite reconstruir uma cena quase apagada da mem\u00f3ria urbana de Natal: uma casa na Cidade Alta transformada em est\u00fadio improvisado, seresteiros reunidos diante de um microfone e tr\u00eas trabalhadores experimentando uma tecnologia que come\u00e7ava a mudar o mundo. Antes das grandes emissoras, dos audit\u00f3rios lotados e dos programas que se tornariam parte da rotina dos potiguares, foi ali, entre fios, equipamentos improvisados e muita curiosidade, que o r\u00e1dio natalense encontrou sua primeira frequ\u00eancia.<\/p>\n<p><strong>SAIBA MAIS:<\/strong><br \/><a href=\"https:\/\/saibamais.jor.br\/2026\/05\/lajes-celebra-legado-de-alzira-soriano-primeira-prefeita-da-america-latina\/\" rel=\"nofollow noopener\" target=\"_blank\">Lajes celebra legado de Alzira Soriano, primeira prefeita da Am\u00e9rica Latina<\/a><\/p>\n","protected":false},"excerpt":{"rendered":"Quando a noite caiu sobre Natal em 18 de junho de 1935, a cidade ainda era pequena. Com&hellip;\n","protected":false},"author":2,"featured_media":422953,"comment_status":"","ping_status":"","sticky":false,"template":"","format":"standard","meta":{"footnotes":"","_share_on_mastodon":"0"},"categories":[141],"tags":[114,115,149,150,32,18770,33,10563],"class_list":["post-422952","post","type-post","status-publish","format-standard","has-post-thumbnail","category-musica","tag-entertainment","tag-entretenimento","tag-music","tag-musica","tag-portugal","tag-principais","tag-pt","tag-rn"],"share_on_mastodon":{"url":"https:\/\/pubeurope.com\/@pt\/116773737917583971","error":""},"_links":{"self":[{"href":"https:\/\/www.europesays.com\/pt\/wp-json\/wp\/v2\/posts\/422952","targetHints":{"allow":["GET"]}}],"collection":[{"href":"https:\/\/www.europesays.com\/pt\/wp-json\/wp\/v2\/posts"}],"about":[{"href":"https:\/\/www.europesays.com\/pt\/wp-json\/wp\/v2\/types\/post"}],"author":[{"embeddable":true,"href":"https:\/\/www.europesays.com\/pt\/wp-json\/wp\/v2\/users\/2"}],"replies":[{"embeddable":true,"href":"https:\/\/www.europesays.com\/pt\/wp-json\/wp\/v2\/comments?post=422952"}],"version-history":[{"count":0,"href":"https:\/\/www.europesays.com\/pt\/wp-json\/wp\/v2\/posts\/422952\/revisions"}],"wp:featuredmedia":[{"embeddable":true,"href":"https:\/\/www.europesays.com\/pt\/wp-json\/wp\/v2\/media\/422953"}],"wp:attachment":[{"href":"https:\/\/www.europesays.com\/pt\/wp-json\/wp\/v2\/media?parent=422952"}],"wp:term":[{"taxonomy":"category","embeddable":true,"href":"https:\/\/www.europesays.com\/pt\/wp-json\/wp\/v2\/categories?post=422952"},{"taxonomy":"post_tag","embeddable":true,"href":"https:\/\/www.europesays.com\/pt\/wp-json\/wp\/v2\/tags?post=422952"}],"curies":[{"name":"wp","href":"https:\/\/api.w.org\/{rel}","templated":true}]}}