{"id":422971,"date":"2026-06-18T23:59:24","date_gmt":"2026-06-18T23:59:24","guid":{"rendered":"https:\/\/www.europesays.com\/pt\/422971\/"},"modified":"2026-06-18T23:59:24","modified_gmt":"2026-06-18T23:59:24","slug":"migrantes-franca-usara-canhoes-de-agua-reino-unido-apoia-observador","status":"publish","type":"post","link":"https:\/\/www.europesays.com\/pt\/422971\/","title":{"rendered":"Migrantes. Fran\u00e7a usar\u00e1 canh\u00f5es de \u00e1gua. Reino Unido apoia \u2013 Observador"},"content":{"rendered":"<p>A pol\u00edcia de choque francesa que est\u00e1 neste momento destacada na regi\u00e3o norte do pa\u00eds poder\u00e1 usar canh\u00f5es de g\u00e1s, g\u00e1s lacrimog\u00e9neo e cassetetes contra imigrantes e traficantes de seres humanos que tentem cruzar o Canal da Mancha. Segundo avan\u00e7a o jornal <a href=\"https:\/\/www.theguardian.com\/uk-news\/2026\/jun\/17\/french-police-in-660m-deal-with-uk-authorised-to-use-water-cannon-on-asylum-seekers\" rel=\"nofollow noopener\" target=\"_blank\">The Guardian<\/a>, as autoridades francesas ter\u00e3o estas ferramentas \u00e0 sua disposi\u00e7\u00e3o em virtude de um acordo de 660 mil libras (cerca de 761 mil euros) assinado com o Reino Unido.<\/p>\n<p>Em <a href=\"https:\/\/www.theguardian.com\/world\/2026\/apr\/22\/uk-pay-france-660m-to-curb-channel-crossings\" rel=\"nofollow noopener\" target=\"_blank\">abril<\/a> deste ano o The Guardian escrevia que o governo brit\u00e2nico tinha chegado a um acordo com a Fran\u00e7a para controlar a chegada de imigrantes e traficantes de seres humanos atrav\u00e9s do Canal da Mancha. Londres iria pagar a Paris 660 mil libras. O acordo inclu\u00eda planos para financiar uma pol\u00edcia de choque que tivesse a fun\u00e7\u00e3o de \u201cconter e dispersar\u201d pessoas. No total foram criadas duas unidades policiais.<\/p>\n<p>Agora, sabe-se que neste acordo est\u00e1 tamb\u00e9m inclu\u00eddo o uso de canh\u00f5es de \u00e1gua pela pol\u00edcia francesa. O Reino Unido, por\u00e9m, n\u00e3o poder\u00e1 faz\u00ea-lo, uma vez que na Gr\u00e3-Bretanha o uso de canh\u00f5es de \u00e1gua est\u00e1 proibido desde 2015 por serem considerados uma amea\u00e7a ao \u201cpoliciamento por consentimento\u201d. Segundo o jornal, apenas na Irlanda do Norte podem ser usados os canh\u00f5es de \u00e1gua.<\/p>\n<blockquote class=\"wp-embedded-content\" data-secret=\"kzoMHNjN9D\">\n<p><a href=\"https:\/\/observador.pt\/2026\/01\/01\/chegadas-de-migrantes-ao-reino-unido-atraves-da-mancha-atingem-nivel-mais-alto-desde-2022\/\" rel=\"nofollow noopener\" target=\"_blank\">Chegadas de migrantes ao Reino Unido atrav\u00e9s da Mancha atingem n\u00edvel mais alto desde 2022<\/a><\/p>\n<\/blockquote>\n<p>Segundo fontes ouvidas pelo The Guardian, os pol\u00edcias de choque das Companhias Republicanas de Seguran\u00e7a (CRS), pertencentes \u00e0 Pol\u00edcia Nacional francesa, t\u00eam agora liberdade para pedir para usar estas ferramentas para manter a ordem p\u00fablica.<\/p>\n<p>Na passada quarta-feira, o primeiro-ministro<strong> brit\u00e2nico Keir Starmer anunciava o envio da pol\u00edcia de choque francesa para as praias francesas.<\/strong> Chamou-lhes \u201cunidades de elite\u201d e disse serem \u201capenas mais um elemento do acordo hist\u00f3rico entre os dois pa\u00edses\u201d. As equipas enviadas est\u00e3o \u201cbem equipadas para responder a multid\u00f5es hostis e \u00e0s t\u00e1ticas em constante evolu\u00e7\u00e3o dos contrabandistas, al\u00e9m de deterem imigrantes ilegais\u201d, lia-se tamb\u00e9m num <a href=\"https:\/\/www.gov.uk\/government\/news\/specialist-police-units-now-deployed-under-new-uk-france-deal\" rel=\"nofollow noopener\" target=\"_blank\">comunicado<\/a> do Minist\u00e9rio da Administra\u00e7\u00e3o Interna.<\/p>\n<p>Segundo Downing Street, escreve o The Guardian, 40% das tentativas de travessia do Canal da Mancha em maio foram interrompidas devido ao aumento das opera\u00e7\u00f5es conjuntas de aplica\u00e7\u00e3o da lei. Mas ainda assim, mais de 2.700 pessoas conseguiram fazer esta travessia.<\/p>\n<p>Para o diretor da organiza\u00e7\u00e3o humanit\u00e1ria e de apoio a refugiados Care4Calais, o uso de canh\u00f5es de \u00e1gua \u201cseria uma escalada repugnante na viol\u00eancia estatal perpetrada contra refugiados em Calais\u201d. \u201cO governo do Reino Unido trata os refugiados como cidad\u00e3os de segunda classe e financiar este tipo de t\u00e1tica indiscriminada e violenta contra refugiados na Fran\u00e7a refor\u00e7a essa vis\u00e3o. Se o uso de canh\u00f5es de \u00e1gua \u00e9 proibido na Gr\u00e3-Bretanha, ent\u00e3o n\u00e3o dever\u00edamos ter um governo a apoiar a sua utiliza\u00e7\u00e3o. \u00c9 desumano\u201d, acrescenta o respons\u00e1vel Steve Smith.<\/p>\n","protected":false},"excerpt":{"rendered":"A pol\u00edcia de choque francesa que est\u00e1 neste momento destacada na regi\u00e3o norte do pa\u00eds poder\u00e1 usar canh\u00f5es&hellip;\n","protected":false},"author":2,"featured_media":422972,"comment_status":"","ping_status":"","sticky":false,"template":"","format":"standard","meta":{"footnotes":"","_share_on_mastodon":"0"},"categories":[50],"tags":[27,28,9365,445,15,16,2104,14,1865,297,25,26,21,22,62,12,13,19,20,23,24,713,17,18,29,30,31,63,64,65],"class_list":["post-422971","post","type-post","status-publish","format-standard","has-post-thumbnail","category-mundo","tag-breaking-news","tag-breakingnews","tag-canal-da-mancha","tag-europa","tag-featured-news","tag-featurednews","tag-franu00e7a","tag-headlines","tag-imigrantes","tag-imigrau00e7u00e3o","tag-latest-news","tag-latestnews","tag-main-news","tag-mainnews","tag-mundo","tag-news","tag-noticias","tag-noticias-principais","tag-noticiasprincipais","tag-principais-noticias","tag-principaisnoticias","tag-reino-unido","tag-top-stories","tag-topstories","tag-ultimas","tag-ultimas-noticias","tag-ultimasnoticias","tag-world","tag-world-news","tag-worldnews"],"share_on_mastodon":{"url":"https:\/\/pubeurope.com\/@pt\/116773831741464766","error":""},"_links":{"self":[{"href":"https:\/\/www.europesays.com\/pt\/wp-json\/wp\/v2\/posts\/422971","targetHints":{"allow":["GET"]}}],"collection":[{"href":"https:\/\/www.europesays.com\/pt\/wp-json\/wp\/v2\/posts"}],"about":[{"href":"https:\/\/www.europesays.com\/pt\/wp-json\/wp\/v2\/types\/post"}],"author":[{"embeddable":true,"href":"https:\/\/www.europesays.com\/pt\/wp-json\/wp\/v2\/users\/2"}],"replies":[{"embeddable":true,"href":"https:\/\/www.europesays.com\/pt\/wp-json\/wp\/v2\/comments?post=422971"}],"version-history":[{"count":0,"href":"https:\/\/www.europesays.com\/pt\/wp-json\/wp\/v2\/posts\/422971\/revisions"}],"wp:featuredmedia":[{"embeddable":true,"href":"https:\/\/www.europesays.com\/pt\/wp-json\/wp\/v2\/media\/422972"}],"wp:attachment":[{"href":"https:\/\/www.europesays.com\/pt\/wp-json\/wp\/v2\/media?parent=422971"}],"wp:term":[{"taxonomy":"category","embeddable":true,"href":"https:\/\/www.europesays.com\/pt\/wp-json\/wp\/v2\/categories?post=422971"},{"taxonomy":"post_tag","embeddable":true,"href":"https:\/\/www.europesays.com\/pt\/wp-json\/wp\/v2\/tags?post=422971"}],"curies":[{"name":"wp","href":"https:\/\/api.w.org\/{rel}","templated":true}]}}