{"id":42304,"date":"2025-08-24T00:29:07","date_gmt":"2025-08-24T00:29:07","guid":{"rendered":"https:\/\/www.europesays.com\/pt\/42304\/"},"modified":"2025-08-24T00:29:07","modified_gmt":"2025-08-24T00:29:07","slug":"cinquentenaria-em-bolsa-a-grao-para-construiu-o-autodromo-do-estoril-e-resistiu-ao-tempo-mas-enfrenta-agora-a-insolvencia","status":"publish","type":"post","link":"https:\/\/www.europesays.com\/pt\/42304\/","title":{"rendered":"Cinquenten\u00e1ria em Bolsa, a Gr\u00e3o Par\u00e1 construiu o Aut\u00f3dromo do Estoril e resistiu ao tempo&#8230; mas enfrenta agora a insolv\u00eancia"},"content":{"rendered":"<p>O aviso havia sido feito em junho, com a convocat\u00f3ria de uma assembleia extraordin\u00e1ria para votar a apresenta\u00e7\u00e3o \u00e0 <strong>insolv\u00eancia da Imobili\u00e1ria Construtora Gr\u00e3o Par\u00e1<\/strong>. Em julho os acionistas aprovaram esse passo e esta sexta-feira, 22 de agosto, a empresa formalizou o in\u00edcio de um processo de insolv\u00eancia no Tribunal Judicial da Comarca de Lisboa. Ao longo de d\u00e9cadas, a Gr\u00e3o Par\u00e1, antiga propriet\u00e1ria do Aut\u00f3dromo do Estoril, foi resistindo ao tempo. <strong>Tornou-se uma sociedade cotada em 1972<\/strong>, e manteve-se, ano ap\u00f3s ano, na Euronext Lisboa. Mas a sucess\u00e3o de preju\u00edzos tornou-se insustent\u00e1vel para os herdeiros da fundadora, Fernanda Pires da Silva.<\/p>\n<p><a href=\"https:\/\/expresso.pt\/promo\/data\/content\/binaries\/custom\/expresso\/digital\/COGB6.html?returnUrl=https:\/\/expresso.pt\/economia\/economia_imobiliario\/2025-08-23-cinquentenaria-em-bolsa-a-grao-para-construiu-o-autodromo-do-estoril-e-resistiu-ao-tempo.-mas-enfrenta-agora-a-insolvencia-7986e428&amp;utm_source=expresso&amp;utm_medium=locked_article&amp;locked=true&amp;article_id=2e225493-f764-4150-b904-9b8ba9b91e69&amp;author_id=Miguel+Prado&amp;category=Imobili\u00e1rio\" target=\"_self\" class=\"\" rel=\"nofollow noopener\">Subscrever<\/a>J\u00e1 \u00e9 Subscritor?Fa\u00e7a login e continue a ler<a href=\"http:\/\/expresso.pt\/codigo?redirectUrl=https:\/\/expresso.pt\/economia\/economia_imobiliario\/2025-08-23-cinquentenaria-em-bolsa-a-grao-para-construiu-o-autodromo-do-estoril-e-resistiu-ao-tempo.-mas-enfrenta-agora-a-insolvencia-7986e428\" target=\"_self\" class=\"\" rel=\"nofollow noopener\">Inserir C\u00f3digo<\/a>Comprou o Expresso?Insira o c\u00f3digo presente na Revista E para continuar a ler<\/p>\n","protected":false},"excerpt":{"rendered":"O aviso havia sido feito em junho, com a convocat\u00f3ria de uma assembleia extraordin\u00e1ria para votar a apresenta\u00e7\u00e3o&hellip;\n","protected":false},"author":2,"featured_media":42305,"comment_status":"","ping_status":"","sticky":false,"template":"","format":"standard","meta":{"footnotes":""},"categories":[83],"tags":[88,89,90,32,33],"class_list":{"0":"post-42304","1":"post","2":"type-post","3":"status-publish","4":"format-standard","5":"has-post-thumbnail","7":"category-empresas","8":"tag-business","9":"tag-economy","10":"tag-empresas","11":"tag-portugal","12":"tag-pt"},"share_on_mastodon":{"url":"","error":""},"_links":{"self":[{"href":"https:\/\/www.europesays.com\/pt\/wp-json\/wp\/v2\/posts\/42304","targetHints":{"allow":["GET"]}}],"collection":[{"href":"https:\/\/www.europesays.com\/pt\/wp-json\/wp\/v2\/posts"}],"about":[{"href":"https:\/\/www.europesays.com\/pt\/wp-json\/wp\/v2\/types\/post"}],"author":[{"embeddable":true,"href":"https:\/\/www.europesays.com\/pt\/wp-json\/wp\/v2\/users\/2"}],"replies":[{"embeddable":true,"href":"https:\/\/www.europesays.com\/pt\/wp-json\/wp\/v2\/comments?post=42304"}],"version-history":[{"count":0,"href":"https:\/\/www.europesays.com\/pt\/wp-json\/wp\/v2\/posts\/42304\/revisions"}],"wp:featuredmedia":[{"embeddable":true,"href":"https:\/\/www.europesays.com\/pt\/wp-json\/wp\/v2\/media\/42305"}],"wp:attachment":[{"href":"https:\/\/www.europesays.com\/pt\/wp-json\/wp\/v2\/media?parent=42304"}],"wp:term":[{"taxonomy":"category","embeddable":true,"href":"https:\/\/www.europesays.com\/pt\/wp-json\/wp\/v2\/categories?post=42304"},{"taxonomy":"post_tag","embeddable":true,"href":"https:\/\/www.europesays.com\/pt\/wp-json\/wp\/v2\/tags?post=42304"}],"curies":[{"name":"wp","href":"https:\/\/api.w.org\/{rel}","templated":true}]}}