{"id":423204,"date":"2026-06-19T08:08:17","date_gmt":"2026-06-19T08:08:17","guid":{"rendered":"https:\/\/www.europesays.com\/pt\/423204\/"},"modified":"2026-06-19T08:08:17","modified_gmt":"2026-06-19T08:08:17","slug":"padrasto-de-criancas-abandonadas-quer-ser-entregue-a-franca-observador","status":"publish","type":"post","link":"https:\/\/www.europesays.com\/pt\/423204\/","title":{"rendered":"Padrasto de crian\u00e7as abandonadas quer ser entregue a Fran\u00e7a \u2013 Observador"},"content":{"rendered":"<p>Marc Ballabriga, o padrasto das duas crian\u00e7as abandonadas em Alc\u00e1cer do Sal no passado dia 19 de maio, foi esta quinta-feira ouvido pelo Tribunal da Rela\u00e7\u00e3o de \u00c9vora e manifestou a sua aceita\u00e7\u00e3o em ser entregue a Fran\u00e7a quando terminar a pris\u00e3o preventiva decretada em maio pela Comarca de Set\u00fabal.<\/p>\n<p>\u201cFace aos contornos do caso, a execu\u00e7\u00e3o do Mandado de Deten\u00e7\u00e3o Europeu ficou circunscrita aos factos que n\u00e3o foram cometidos em territ\u00f3rio portugu\u00eas. Assim, uma vez que o detido se encontra preso preventivamente \u00e0 ordem do processo que corre os seus termos no Tribunal Judicial da Comarca de Set\u00fabal, e atento o disposto no artigo 31.\u00ba, n.\u00ba 1, da Lei n.\u00ba 65\/2003, de 23 de agosto, foi homologada a aceita\u00e7\u00e3o da entrega, que s\u00f3 ser\u00e1 efetuada quando deixar de interessar a pris\u00e3o do requerido \u00e0 ordem do processo de Set\u00fabal\u201d, l\u00ea-se no comunicado enviado pelo Tribunal da Rela\u00e7\u00e3o de \u00c9vora.<\/p>\n<blockquote class=\"wp-embedded-content\" data-secret=\"sywggwK8ur\">\n<p><a href=\"https:\/\/observador.pt\/especiais\/reconstituicao-o-deslize-na-bomba-de-gasolina-o-abandono-dos-filhos-no-meio-do-mato-e-o-casal-sorridente-que-levantou-suspeitas\/\" rel=\"nofollow noopener\" target=\"_blank\">Reconstitui\u00e7\u00e3o. O deslize na bomba de gasolina, o abandono dos filhos no meio do mato e o casal sorridente que levantou suspeitas<\/a><\/p>\n<\/blockquote>\n<p>A m\u00e3e dos dois menores, Marine Rousseau, encontra-se no Estabelecimento Prisional de Tires, enquanto os filhos, B. e Z., j\u00e1 est\u00e3o em Colmar com membros da fam\u00edlia. Marc Ballabriga encontra-se no Estabelecimento Prisional anexo \u00e0 Pol\u00edcia Judici\u00e1ria, em Lisboa.<\/p>\n<p>O casal foi detido no dia 21 de maio, dois dias ap\u00f3s terem abandonado as crian\u00e7as perto de Monte Novo do Sul e depois de a GNR ter recebido uma den\u00fancia num caf\u00e9 em F\u00e1tima.<\/p>\n<blockquote class=\"wp-embedded-content\" data-secret=\"PT4I7niJQF\">\n<p><a href=\"https:\/\/observador.pt\/especiais\/que-mae-e-capaz-de-uma-coisa-destas-como-marine-passou-de-calma-e-reservada-a-protagonista-de-uma-historia-terrivel-na-sua-cidade\/\" rel=\"nofollow noopener\" target=\"_blank\">\u201cQue m\u00e3e \u00e9 capaz de uma coisa destas?\u201d Como Marine passou de \u201ccalma e reservada\u201d \u00e0 protagonista de uma hist\u00f3ria \u201cterr\u00edvel\u201d na sua cidade<\/a><\/p>\n<\/blockquote>\n","protected":false},"excerpt":{"rendered":"Marc Ballabriga, o padrasto das duas crian\u00e7as abandonadas em Alc\u00e1cer do Sal no passado dia 19 de maio,&hellip;\n","protected":false},"author":2,"featured_media":423205,"comment_status":"","ping_status":"","sticky":false,"template":"","format":"standard","meta":{"footnotes":"","_share_on_mastodon":"0"},"categories":[10],"tags":[27,28,604,445,15,16,2104,14,25,26,21,22,62,12,13,19,20,32,23,24,33,58,17,18,29,30,31],"class_list":["post-423204","post","type-post","status-publish","format-standard","has-post-thumbnail","category-portugal","tag-breaking-news","tag-breakingnews","tag-crime","tag-europa","tag-featured-news","tag-featurednews","tag-franu00e7a","tag-headlines","tag-latest-news","tag-latestnews","tag-main-news","tag-mainnews","tag-mundo","tag-news","tag-noticias","tag-noticias-principais","tag-noticiasprincipais","tag-portugal","tag-principais-noticias","tag-principaisnoticias","tag-pt","tag-sociedade","tag-top-stories","tag-topstories","tag-ultimas","tag-ultimas-noticias","tag-ultimasnoticias"],"share_on_mastodon":{"url":"https:\/\/pubeurope.com\/@pt\/116775754612052553","error":""},"_links":{"self":[{"href":"https:\/\/www.europesays.com\/pt\/wp-json\/wp\/v2\/posts\/423204","targetHints":{"allow":["GET"]}}],"collection":[{"href":"https:\/\/www.europesays.com\/pt\/wp-json\/wp\/v2\/posts"}],"about":[{"href":"https:\/\/www.europesays.com\/pt\/wp-json\/wp\/v2\/types\/post"}],"author":[{"embeddable":true,"href":"https:\/\/www.europesays.com\/pt\/wp-json\/wp\/v2\/users\/2"}],"replies":[{"embeddable":true,"href":"https:\/\/www.europesays.com\/pt\/wp-json\/wp\/v2\/comments?post=423204"}],"version-history":[{"count":0,"href":"https:\/\/www.europesays.com\/pt\/wp-json\/wp\/v2\/posts\/423204\/revisions"}],"wp:featuredmedia":[{"embeddable":true,"href":"https:\/\/www.europesays.com\/pt\/wp-json\/wp\/v2\/media\/423205"}],"wp:attachment":[{"href":"https:\/\/www.europesays.com\/pt\/wp-json\/wp\/v2\/media?parent=423204"}],"wp:term":[{"taxonomy":"category","embeddable":true,"href":"https:\/\/www.europesays.com\/pt\/wp-json\/wp\/v2\/categories?post=423204"},{"taxonomy":"post_tag","embeddable":true,"href":"https:\/\/www.europesays.com\/pt\/wp-json\/wp\/v2\/tags?post=423204"}],"curies":[{"name":"wp","href":"https:\/\/api.w.org\/{rel}","templated":true}]}}