{"id":423736,"date":"2026-06-19T18:12:17","date_gmt":"2026-06-19T18:12:17","guid":{"rendered":"https:\/\/www.europesays.com\/pt\/423736\/"},"modified":"2026-06-19T18:12:17","modified_gmt":"2026-06-19T18:12:17","slug":"mercado-critica-comunicacao-do-bc-e-ve-dano-a-credibilidade-intraday","status":"publish","type":"post","link":"https:\/\/www.europesays.com\/pt\/423736\/","title":{"rendered":"Mercado critica comunica\u00e7\u00e3o do BC e v\u00ea dano \u00e0 credibilidade | Intraday"},"content":{"rendered":"\n<p class=\" content-text__container \" data-track-category=\"Link no Texto\" data-track-links=\"\"> A decis\u00e3o do Banco Central (BC) de alongar o horizonte relevante de pol\u00edtica monet\u00e1ria para acomodar o corte de juros de 0,25 ponto foi recebida com ampla desconfian\u00e7a pelo mercado. O primeiro sinal emitido pelos pre\u00e7os dos ativos foi bastante claro: a forte inclina\u00e7\u00e3o da curva de juros, com as taxas de curto prazo cedendo e as de m\u00e9dio e longo prazo subindo; e a deprecia\u00e7\u00e3o firme do real. No conjunto, mostram que os agentes passaram a precificar um custo de credibilidade maior associado \u00e0 decis\u00e3o e \u00e0 forma como ela foi comunicada pelo Comit\u00ea de Pol\u00edtica Monet\u00e1ria (Copom). <\/p>\n","protected":false},"excerpt":{"rendered":"A decis\u00e3o do Banco Central (BC) de alongar o horizonte relevante de pol\u00edtica monet\u00e1ria para acomodar o corte&hellip;\n","protected":false},"author":2,"featured_media":423737,"comment_status":"","ping_status":"","sticky":false,"template":"","format":"standard","meta":{"footnotes":"","_share_on_mastodon":"0"},"categories":[141],"tags":[44065,68826,114,115,149,150,3658,1212,32,33],"class_list":["post-423736","post","type-post","status-publish","format-standard","has-post-thumbnail","category-musica","tag-banco-central-do-brasil","tag-copom","tag-entertainment","tag-entretenimento","tag-music","tag-musica","tag-pib","tag-politica-monetaria","tag-portugal","tag-pt"],"share_on_mastodon":{"url":"https:\/\/pubeurope.com\/@pt\/116778129541470878","error":""},"_links":{"self":[{"href":"https:\/\/www.europesays.com\/pt\/wp-json\/wp\/v2\/posts\/423736","targetHints":{"allow":["GET"]}}],"collection":[{"href":"https:\/\/www.europesays.com\/pt\/wp-json\/wp\/v2\/posts"}],"about":[{"href":"https:\/\/www.europesays.com\/pt\/wp-json\/wp\/v2\/types\/post"}],"author":[{"embeddable":true,"href":"https:\/\/www.europesays.com\/pt\/wp-json\/wp\/v2\/users\/2"}],"replies":[{"embeddable":true,"href":"https:\/\/www.europesays.com\/pt\/wp-json\/wp\/v2\/comments?post=423736"}],"version-history":[{"count":0,"href":"https:\/\/www.europesays.com\/pt\/wp-json\/wp\/v2\/posts\/423736\/revisions"}],"wp:featuredmedia":[{"embeddable":true,"href":"https:\/\/www.europesays.com\/pt\/wp-json\/wp\/v2\/media\/423737"}],"wp:attachment":[{"href":"https:\/\/www.europesays.com\/pt\/wp-json\/wp\/v2\/media?parent=423736"}],"wp:term":[{"taxonomy":"category","embeddable":true,"href":"https:\/\/www.europesays.com\/pt\/wp-json\/wp\/v2\/categories?post=423736"},{"taxonomy":"post_tag","embeddable":true,"href":"https:\/\/www.europesays.com\/pt\/wp-json\/wp\/v2\/tags?post=423736"}],"curies":[{"name":"wp","href":"https:\/\/api.w.org\/{rel}","templated":true}]}}