{"id":423945,"date":"2026-06-19T22:06:16","date_gmt":"2026-06-19T22:06:16","guid":{"rendered":"https:\/\/www.europesays.com\/pt\/423945\/"},"modified":"2026-06-19T22:06:16","modified_gmt":"2026-06-19T22:06:16","slug":"estreito-de-ormuz-nunca-mais-tera-o-regime-de-livre-transito-que-tinha-diz-advogado-mundo","status":"publish","type":"post","link":"https:\/\/www.europesays.com\/pt\/423945\/","title":{"rendered":"Estreito de Ormuz &#8220;nunca mais ter\u00e1 o regime de livre tr\u00e2nsito que tinha&#8221;, diz advogado &#8211; Mundo"},"content":{"rendered":"<p class=\"\">&#13;<br \/>\n        O <a href=\"https:\/\/www.jornaldenegocios.pt\/economia\/mundo\/asia\/detalhe\/eua-e-irao-antecipam-assinatura-do-memorando-de-entedimento-acordo-esta-ja-em-vigor\" target=\"_self\" rel=\"tag nofollow noopener\">memorando de entendimento entre o Ir\u00e3o e os Estados Unidos<\/a> que p\u00f5e fim as hostilidades no M\u00e9dio Oriente <b>n\u00e3o restitui o antigo funcionamento do estreito de Ormuz<\/b>, por onde passa cerca de um quinto do petr\u00f3leo consumido a n\u00edvel mundial. \u00c9 esse o entendimento de Agostinho Pereira de Miranda, advogado especialista em energia relativamente ao ponto cinco do documento.&#13;\n    <\/p>\n","protected":false},"excerpt":{"rendered":"&#13; O memorando de entendimento entre o Ir\u00e3o e os Estados Unidos que p\u00f5e fim as hostilidades no&hellip;\n","protected":false},"author":2,"featured_media":423946,"comment_status":"","ping_status":"","sticky":false,"template":"","format":"standard","meta":{"footnotes":"","_share_on_mastodon":"0"},"categories":[8],"tags":[27,28,52306,15,16,53991,53990,52460,33402,14,46852,259,25,26,21,22,12,13,19,20,36294,41817,32,23,24,33,17,18,11669,29,30,31],"class_list":["post-423945","post","type-post","status-publish","format-standard","has-post-thumbnail","category-principais-noticias","tag-breaking-news","tag-breakingnews","tag-estreito-de-ormuz","tag-featured-news","tag-featurednews","tag-guerra-com-o-irao","tag-guerra-do-irao","tag-guerra-irao","tag-haia","tag-headlines","tag-hizbollah","tag-israel","tag-latest-news","tag-latestnews","tag-main-news","tag-mainnews","tag-news","tag-noticias","tag-noticias-principais","tag-noticiasprincipais","tag-oma","tag-organizacao-das-nacoes-unidas","tag-portugal","tag-principais-noticias","tag-principaisnoticias","tag-pt","tag-top-stories","tag-topstories","tag-transito","tag-ultimas","tag-ultimas-noticias","tag-ultimasnoticias"],"share_on_mastodon":{"url":"","error":"Validation failed: Text character limit of 500 exceeded"},"_links":{"self":[{"href":"https:\/\/www.europesays.com\/pt\/wp-json\/wp\/v2\/posts\/423945","targetHints":{"allow":["GET"]}}],"collection":[{"href":"https:\/\/www.europesays.com\/pt\/wp-json\/wp\/v2\/posts"}],"about":[{"href":"https:\/\/www.europesays.com\/pt\/wp-json\/wp\/v2\/types\/post"}],"author":[{"embeddable":true,"href":"https:\/\/www.europesays.com\/pt\/wp-json\/wp\/v2\/users\/2"}],"replies":[{"embeddable":true,"href":"https:\/\/www.europesays.com\/pt\/wp-json\/wp\/v2\/comments?post=423945"}],"version-history":[{"count":0,"href":"https:\/\/www.europesays.com\/pt\/wp-json\/wp\/v2\/posts\/423945\/revisions"}],"wp:featuredmedia":[{"embeddable":true,"href":"https:\/\/www.europesays.com\/pt\/wp-json\/wp\/v2\/media\/423946"}],"wp:attachment":[{"href":"https:\/\/www.europesays.com\/pt\/wp-json\/wp\/v2\/media?parent=423945"}],"wp:term":[{"taxonomy":"category","embeddable":true,"href":"https:\/\/www.europesays.com\/pt\/wp-json\/wp\/v2\/categories?post=423945"},{"taxonomy":"post_tag","embeddable":true,"href":"https:\/\/www.europesays.com\/pt\/wp-json\/wp\/v2\/tags?post=423945"}],"curies":[{"name":"wp","href":"https:\/\/api.w.org\/{rel}","templated":true}]}}