{"id":424008,"date":"2026-06-19T23:27:44","date_gmt":"2026-06-19T23:27:44","guid":{"rendered":"https:\/\/www.europesays.com\/pt\/424008\/"},"modified":"2026-06-19T23:27:44","modified_gmt":"2026-06-19T23:27:44","slug":"arroz-e-feijao-estudo-confirma-que-dupla-faz-bem-a-saude-ao-bolso-e-ao-planeta","status":"publish","type":"post","link":"https:\/\/www.europesays.com\/pt\/424008\/","title":{"rendered":"Arroz e feij\u00e3o: estudo confirma que dupla faz bem \u00e0 sa\u00fade, ao bolso e ao planeta"},"content":{"rendered":"<p>\n                Ler Resumo<\/p>\n<ul class=\"resume-list\" id=\"resume-list\" aria-hidden=\"true\">\n<li class=\"section-item section-intro\">\n<p>Introdu\u00e7\u00e3o<\/p>\n<p>Um estudo da USP revela que a Dieta Brasileira, centrada no arroz e feij\u00e3o, oferece benef\u00edcios de sa\u00fade compar\u00e1veis \u00e0 Dieta Mediterr\u00e2nea, al\u00e9m de ser mais sustent\u00e1vel e econ\u00f4mica. Descubra como essa combina\u00e7\u00e3o tradicional promove qualidade nutricional, reduz o impacto ambiental e otimiza custos, refor\u00e7ando a import\u00e2ncia de h\u00e1bitos alimentares locais.<\/p>\n<\/li>\n<li class=\"section-item section-topicos\">\n<ul>\n<li>Estudo da USP valida o arroz e feij\u00e3o como base de uma alimenta\u00e7\u00e3o saud\u00e1vel e sustent\u00e1vel.<\/li>\n<li>A combina\u00e7\u00e3o de arroz e feij\u00e3o est\u00e1 associada \u00e0 maior qualidade nutricional da dieta.<\/li>\n<li>Contribui para a redu\u00e7\u00e3o do impacto ambiental e dos custos alimentares.<\/li>\n<li>Oferece aporte energ\u00e9tico, prote\u00edna de alto valor biol\u00f3gico, fibras e micronutrientes essenciais.<\/li>\n<li>Refor\u00e7a a efic\u00e1cia de estrat\u00e9gias de promo\u00e7\u00e3o da sa\u00fade baseadas em pr\u00e1ticas alimentares locais.<\/li>\n<\/ul>\n<\/li>\n<li class=\"section-item section-info\">\n<p style=\"margin: 0;\">Este resumo foi \u00fatil?<\/p>\n<p>\n                            \ud83d\udc4d<br \/>\ud83d\udc4e\n                        <\/p>\n<p>                    Resumo gerado por ferramenta de IA treinada pela reda\u00e7\u00e3o da Editora Abril.\n                <\/p>\n<\/li>\n<\/ul>\n<p>Quando se fala em sa\u00fade atrav\u00e9s da alimenta\u00e7\u00e3o, todos os louros se voltam para a famosa <a href=\"https:\/\/saude.abril.com.br\/alimentacao\/quer-mudar-de-alimentacao-neste-ano-conheca-a-dieta-campea-do-ranking-dos-especialistas-americanos\/\" rel=\"nofollow noopener\" target=\"_blank\">dieta mediterr\u00e2nea<\/a>. Rica em <strong>gr\u00e3os integrais, azeite de oliva e peixes<\/strong>, limitando carnes vermelhas e industrializados, \u00e9 um padr\u00e3o alimentar associado \u00e0 redu\u00e7\u00e3o de diversos riscos de doen\u00e7as.<\/p>\n<p>Mas voc\u00ea sabia que a <strong>dieta brasileira<\/strong>, baseada no nosso cl\u00e1ssico <strong>arroz e feij\u00e3o<\/strong>, tamb\u00e9m \u00e9 saud\u00e1vel e protetora para pessoas e para o meio ambiente?<\/p>\n<p>\u00c9 isso que conclui um novo estudo do N\u00facleo de Pesquisas Epidemiol\u00f3gicas em Nutri\u00e7\u00e3o e Sa\u00fade da USP (Nupens). Publicado no peri\u00f3dico <a href=\"https:\/\/www.cambridge.org\/core\/journals\/public-health-nutrition\/article\/rice-and-beans-the-nutritious-sustainable-and-affordable-staple-of-the-brazilian-diet\/D5AD4F24669E45934C8D10716EDAD958\" rel=\"nofollow noopener\" target=\"_blank\">Public Health Nutrition<\/a>, o trabalho avaliou a associa\u00e7\u00e3o da tradicional dupla com a qualidade nutricional da dieta como um todo, o impacto ambiental e o custo da alimenta\u00e7\u00e3o.<\/p>\n<p>O estudo se baseou nos dados de consumo alimentar de 46.164 indiv\u00edduos com 10 anos ou mais, com base na Pesquisa de Or\u00e7amento Familiar mais recente feita no Brasil, entre 2017 e 2018.<\/p>\n<p>Os resultados foram animadores: de forma geral, <strong>a ingest\u00e3o de arroz e feij\u00e3o esteve associada a maior qualidade nutricional, menor impacto ambiental e menores custos da dieta<\/strong>.<\/p>\n<p>    Continua ap\u00f3s a publicidade<\/p>\n<p>\u201c\u00c9 importante estudarmos a alimenta\u00e7\u00e3o dentro do nosso contexto local\u201d, pontua Gabriela Cruz, pesquisadora do Nupens\/USP e autora principal do estudo. \u201cA dieta mediterr\u00e2nea foi amplamente estudada e seus benef\u00edcios para a sa\u00fade comprovados, mas ela faz sentido no contexto dos pa\u00edses mediterr\u00e2neos. Ainda existem poucos estudos sobre dietas locais n\u00e3o europ\u00e9ias\u201d, completa.<\/p>\n<p><strong>+Leia Tamb\u00e9m:\u00a0<a href=\"https:\/\/saude.abril.com.br\/alimentacao\/fibras-o-nutriente-ignorado-que-virou-prioridade-da-nutricao-e-pode-mudar-sua-saude\/\" rel=\"nofollow noopener\" target=\"_blank\">Fibras: o nutriente ignorado que ajuda a espantar as principais doen\u00e7as da atualidade<\/a><\/strong><\/p>\n<p>Os n\u00fameros da nova pesquisa<\/p>\n<p>Segundo o levantamento, o maior consumo combinado de arroz e feij\u00e3o foi associado a uma redu\u00e7\u00e3o de 44,49% nas inadequa\u00e7\u00f5es nutricionais da dieta, ou seja, consumo de ultraprocessados, excesso de a\u00e7\u00facar, s\u00f3dio e gordura saturada.<\/p>\n<p>Isso quer dizer que quem aposta nessa dupla todo dia todo dia costuma ingerir menos comida industrializada, valorizando prepara\u00e7\u00f5es minimamente processadas, como prega o <a href=\"https:\/\/bvsms.saude.gov.br\/bvs\/publicacoes\/guia_alimentar_populacao_brasileira_2ed.pdf\" rel=\"nofollow noopener\" target=\"_blank\">Guia Alimentar Para a Popula\u00e7\u00e3o Brasileira<\/a>.<\/p>\n<p>    Continua ap\u00f3s a publicidade<\/p>\n<p>Al\u00e9m disso, a combina\u00e7\u00e3o contribui para uma diminui\u00e7\u00e3o de 17,64% na pegada de carbono, uma redu\u00e7\u00e3o de 21,05% na pegada h\u00eddrica e uma redu\u00e7\u00e3o de 38,03% no custo total da dieta.<\/p>\n<p>Benef\u00edcios do arroz com feij\u00e3o<\/p>\n<p>Arroz com feij\u00e3o consumidos juntos fornecem<strong> bom aporte energ\u00e9tico, prote\u00edna de alto valor biol\u00f3gico, muitas fibras e diversos micronutrientes, <\/strong>como ferro, mangan\u00eas e pot\u00e1ssio.<\/p>\n<p>Por ser comprovadamente uma <strong>combina\u00e7\u00e3o pr\u00e1tica, saud\u00e1vel e barata<\/strong>, muito preocupa a <a href=\"https:\/\/saude.abril.com.br\/alimentacao\/cade-o-feijao\/\" rel=\"nofollow noopener\" target=\"_blank\">redu\u00e7\u00e3o no consumo de feij\u00e3o<\/a> que acontece nas \u00faltimas d\u00e9cadas no pa\u00eds por conta do aumento do consumo de ultraprocessados.<\/p>\n<p>    Continua ap\u00f3s a publicidade<\/p>\n<p>O texto aponta ainda que a\u00e7\u00f5es de promo\u00e7\u00e3o da alimenta\u00e7\u00e3o saud\u00e1vel t\u00eam mais chance de serem efetivas quando baseadas em pr\u00e1ticas locais, justamente por j\u00e1 fazerem parte da cultura popular.<\/p>\n<p>\u201c<strong>Valorizar e fortalecer o nosso arroz e feij\u00e3o \u00e9 uma ferramenta poderosa da cultura alimentar brasileira para promover uma alimenta\u00e7\u00e3o saud\u00e1vel<\/strong>. Temos uma grande vantagem: essa combina\u00e7\u00e3o j\u00e1 faz parte do dia a dia e da identidade alimentar da popula\u00e7\u00e3o\u201d, conclui Cruz.<\/p>\n","protected":false},"excerpt":{"rendered":"Ler Resumo Introdu\u00e7\u00e3o Um estudo da USP revela que a Dieta Brasileira, centrada no arroz e feij\u00e3o, oferece&hellip;\n","protected":false},"author":2,"featured_media":424009,"comment_status":"","ping_status":"","sticky":false,"template":"","format":"standard","meta":{"footnotes":"","_share_on_mastodon":"0"},"categories":[86],"tags":[62515,547,30514,20551,116,32,33,117],"class_list":["post-424008","post","type-post","status-publish","format-standard","has-post-thumbnail","category-saude","tag-alimentacao-cuidados","tag-alimentacao-saudavel","tag-arroz","tag-feijao","tag-health","tag-portugal","tag-pt","tag-saude"],"share_on_mastodon":{"url":"https:\/\/pubeurope.com\/@pt\/116779368286632861","error":""},"_links":{"self":[{"href":"https:\/\/www.europesays.com\/pt\/wp-json\/wp\/v2\/posts\/424008","targetHints":{"allow":["GET"]}}],"collection":[{"href":"https:\/\/www.europesays.com\/pt\/wp-json\/wp\/v2\/posts"}],"about":[{"href":"https:\/\/www.europesays.com\/pt\/wp-json\/wp\/v2\/types\/post"}],"author":[{"embeddable":true,"href":"https:\/\/www.europesays.com\/pt\/wp-json\/wp\/v2\/users\/2"}],"replies":[{"embeddable":true,"href":"https:\/\/www.europesays.com\/pt\/wp-json\/wp\/v2\/comments?post=424008"}],"version-history":[{"count":0,"href":"https:\/\/www.europesays.com\/pt\/wp-json\/wp\/v2\/posts\/424008\/revisions"}],"wp:featuredmedia":[{"embeddable":true,"href":"https:\/\/www.europesays.com\/pt\/wp-json\/wp\/v2\/media\/424009"}],"wp:attachment":[{"href":"https:\/\/www.europesays.com\/pt\/wp-json\/wp\/v2\/media?parent=424008"}],"wp:term":[{"taxonomy":"category","embeddable":true,"href":"https:\/\/www.europesays.com\/pt\/wp-json\/wp\/v2\/categories?post=424008"},{"taxonomy":"post_tag","embeddable":true,"href":"https:\/\/www.europesays.com\/pt\/wp-json\/wp\/v2\/tags?post=424008"}],"curies":[{"name":"wp","href":"https:\/\/api.w.org\/{rel}","templated":true}]}}