{"id":424463,"date":"2026-06-20T12:17:11","date_gmt":"2026-06-20T12:17:11","guid":{"rendered":"https:\/\/www.europesays.com\/pt\/424463\/"},"modified":"2026-06-20T12:17:11","modified_gmt":"2026-06-20T12:17:11","slug":"walter-salles-comenta-escolha-de-central-do-brasil-como-melhor-filme-brasileiro-de-todos-os-tempos-um-presente","status":"publish","type":"post","link":"https:\/\/www.europesays.com\/pt\/424463\/","title":{"rendered":"Walter Salles comenta escolha de &#8216;Central do Brasil&#8217; como melhor filme brasileiro de todos os tempos: &#8216;Um presente&#8217;"},"content":{"rendered":"\n<p class=\" content-text__container \" data-track-category=\"Link no Texto\" data-track-links=\"\"> N\u00e3o existiria &#8220;Central do Brasil&#8221; sem a extraordin\u00e1ria Fernanda Montenegro, que elevou o filme e o imantou junto com Vinicius de Oliveira, Mar\u00edlia Pera, Othon Bastos, Ot\u00e1vio Augusto e tantos outros craques. Sem Socorro Nobre que nos inspirou, sem o camisa 10 que \u00e9 Walter Carvalho, sem os grandes Jaques Morelembaum e Antonio Pinto, sem os roteiristas Marcos Bernstein e Jo\u00e3o Emanuel Carneiro, sem a montagem de Isabelle Rathery e Felipe Lacerda, sem a produ\u00e7\u00e3o de Elisa Tolomelli e Marcelo Torres, e cada uma das pessoas da equipe que tornou o filme poss\u00edvel.  <\/p>\n","protected":false},"excerpt":{"rendered":"N\u00e3o existiria &#8220;Central do Brasil&#8221; sem a extraordin\u00e1ria Fernanda Montenegro, que elevou o filme e o imantou junto&hellip;\n","protected":false},"author":2,"featured_media":424464,"comment_status":"","ping_status":"","sticky":false,"template":"","format":"standard","meta":{"footnotes":"","_share_on_mastodon":"0"},"categories":[140],"tags":[13515,114,115,1747,147,148,146,32,33,679,4348],"class_list":["post-424463","post","type-post","status-publish","format-standard","has-post-thumbnail","category-filmes","tag-central-do-brasil","tag-entertainment","tag-entretenimento","tag-fernanda-montenegro","tag-film","tag-filmes","tag-movies","tag-portugal","tag-pt","tag-reportagem","tag-walter-salles"],"share_on_mastodon":{"url":"https:\/\/pubeurope.com\/@pt\/116782395988026431","error":""},"_links":{"self":[{"href":"https:\/\/www.europesays.com\/pt\/wp-json\/wp\/v2\/posts\/424463","targetHints":{"allow":["GET"]}}],"collection":[{"href":"https:\/\/www.europesays.com\/pt\/wp-json\/wp\/v2\/posts"}],"about":[{"href":"https:\/\/www.europesays.com\/pt\/wp-json\/wp\/v2\/types\/post"}],"author":[{"embeddable":true,"href":"https:\/\/www.europesays.com\/pt\/wp-json\/wp\/v2\/users\/2"}],"replies":[{"embeddable":true,"href":"https:\/\/www.europesays.com\/pt\/wp-json\/wp\/v2\/comments?post=424463"}],"version-history":[{"count":0,"href":"https:\/\/www.europesays.com\/pt\/wp-json\/wp\/v2\/posts\/424463\/revisions"}],"wp:featuredmedia":[{"embeddable":true,"href":"https:\/\/www.europesays.com\/pt\/wp-json\/wp\/v2\/media\/424464"}],"wp:attachment":[{"href":"https:\/\/www.europesays.com\/pt\/wp-json\/wp\/v2\/media?parent=424463"}],"wp:term":[{"taxonomy":"category","embeddable":true,"href":"https:\/\/www.europesays.com\/pt\/wp-json\/wp\/v2\/categories?post=424463"},{"taxonomy":"post_tag","embeddable":true,"href":"https:\/\/www.europesays.com\/pt\/wp-json\/wp\/v2\/tags?post=424463"}],"curies":[{"name":"wp","href":"https:\/\/api.w.org\/{rel}","templated":true}]}}