{"id":42487,"date":"2025-08-24T05:07:06","date_gmt":"2025-08-24T05:07:06","guid":{"rendered":"https:\/\/www.europesays.com\/pt\/42487\/"},"modified":"2025-08-24T05:07:06","modified_gmt":"2025-08-24T05:07:06","slug":"jovens-suspeitos-de-incendio-florestal","status":"publish","type":"post","link":"https:\/\/www.europesays.com\/pt\/42487\/","title":{"rendered":"Jovens Suspeitos de Inc\u00eandio Florestal"},"content":{"rendered":"<p>A Pol\u00edcia Judici\u00e1ria (PJ) deteve neste s\u00e1bado (23) dois homens, de 20 e 23 anos, <strong>suspeitos de provocarem um inc\u00eandio florestal na Lous\u00e3<\/strong>, na passada segunda-feira (18 de agosto). O fogo foi ateado com recurso a chama direta, num terreno rural pr\u00f3ximo de habita\u00e7\u00f5es e da mancha florestal da serra.<\/p>\n<p>Segundo a PJ, <strong>os suspeitos incendiaram uma \u00e1rea com vegeta\u00e7\u00e3o densa, composta por herb\u00e1ceas e silvas, numa altura em que o risco de inc\u00eandio era considerado m\u00e1ximo<\/strong>, com temperaturas elevadas e humidade muito baixa.<\/p>\n<p>A r\u00e1pida interven\u00e7\u00e3o dos Bombeiros Municipais da Lous\u00e3 impediu que as chamas se propagassem a uma \u00e1rea mais vasta da serra, evitando um inc\u00eandio de grandes dimens\u00f5es.<\/p>\n<p>A investiga\u00e7\u00e3o contou com o apoio do Grupo de Trabalho para a Redu\u00e7\u00e3o das Igni\u00e7\u00f5es em Espa\u00e7o Rural do Centro Litoral, que integra elementos da PJ, GNR e ICNF. <strong>Os dois detidos v\u00e3o agora ser presentes ao Tribunal Judicial de Coimbra para primeiro interrogat\u00f3rio e aplica\u00e7\u00e3o das medidas de coa\u00e7\u00e3o<\/strong>.<\/p>\n","protected":false},"excerpt":{"rendered":"A Pol\u00edcia Judici\u00e1ria (PJ) deteve neste s\u00e1bado (23) dois homens, de 20 e 23 anos, suspeitos de provocarem&hellip;\n","protected":false},"author":2,"featured_media":42488,"comment_status":"","ping_status":"","sticky":false,"template":"","format":"standard","meta":{"footnotes":"","_share_on_mastodon":"0"},"categories":[10],"tags":[27,28,15,16,3525,14,11222,12948,25,26,21,22,12,13,19,20,32,23,24,33,17,18,29,30,31],"class_list":["post-42487","post","type-post","status-publish","format-standard","has-post-thumbnail","category-portugal","tag-breaking-news","tag-breakingnews","tag-featured-news","tag-featurednews","tag-fogos","tag-headlines","tag-incendiarios","tag-investigacao-da-pj","tag-latest-news","tag-latestnews","tag-main-news","tag-mainnews","tag-news","tag-noticias","tag-noticias-principais","tag-noticiasprincipais","tag-portugal","tag-principais-noticias","tag-principaisnoticias","tag-pt","tag-top-stories","tag-topstories","tag-ultimas","tag-ultimas-noticias","tag-ultimasnoticias"],"share_on_mastodon":{"url":"","error":""},"_links":{"self":[{"href":"https:\/\/www.europesays.com\/pt\/wp-json\/wp\/v2\/posts\/42487","targetHints":{"allow":["GET"]}}],"collection":[{"href":"https:\/\/www.europesays.com\/pt\/wp-json\/wp\/v2\/posts"}],"about":[{"href":"https:\/\/www.europesays.com\/pt\/wp-json\/wp\/v2\/types\/post"}],"author":[{"embeddable":true,"href":"https:\/\/www.europesays.com\/pt\/wp-json\/wp\/v2\/users\/2"}],"replies":[{"embeddable":true,"href":"https:\/\/www.europesays.com\/pt\/wp-json\/wp\/v2\/comments?post=42487"}],"version-history":[{"count":0,"href":"https:\/\/www.europesays.com\/pt\/wp-json\/wp\/v2\/posts\/42487\/revisions"}],"wp:featuredmedia":[{"embeddable":true,"href":"https:\/\/www.europesays.com\/pt\/wp-json\/wp\/v2\/media\/42488"}],"wp:attachment":[{"href":"https:\/\/www.europesays.com\/pt\/wp-json\/wp\/v2\/media?parent=42487"}],"wp:term":[{"taxonomy":"category","embeddable":true,"href":"https:\/\/www.europesays.com\/pt\/wp-json\/wp\/v2\/categories?post=42487"},{"taxonomy":"post_tag","embeddable":true,"href":"https:\/\/www.europesays.com\/pt\/wp-json\/wp\/v2\/tags?post=42487"}],"curies":[{"name":"wp","href":"https:\/\/api.w.org\/{rel}","templated":true}]}}