{"id":425406,"date":"2026-06-21T09:56:27","date_gmt":"2026-06-21T09:56:27","guid":{"rendered":"https:\/\/www.europesays.com\/pt\/425406\/"},"modified":"2026-06-21T09:56:27","modified_gmt":"2026-06-21T09:56:27","slug":"digi-lanca-servico-inovador-em-portugal-a-um-preco-nunca-visto","status":"publish","type":"post","link":"https:\/\/www.europesays.com\/pt\/425406\/","title":{"rendered":"DIGI lan\u00e7a servi\u00e7o inovador em Portugal a um pre\u00e7o nunca visto"},"content":{"rendered":"<p>Quando a <strong>DIGI<\/strong> chegou a Portugal, a <strong>fibra \u00f3tica<\/strong> levou a maior parte da aten\u00e7\u00e3o, e com raz\u00e3o, os pre\u00e7os eram mesmo diferentes do que existia no mercado. Mas a <a href=\"https:\/\/www.magazine-hd.com\/apps\/wp\/digi-ataque-nos-meo-vodafone-para-tras-precos-mais-baixos\/\" target=\"_blank\" rel=\"noopener nofollow\"><strong>rede m\u00f3vel<\/strong><\/a> da operadora de origem romena foi criando a sua pr\u00f3pria hist\u00f3ria em paralelo.<\/p>\n<p>Durante algum tempo, muita gente descobriu por conta pr\u00f3pria que um cart\u00e3o SIM da DIGI num router era uma forma barata de ter internet em casa.<\/p>\n<p>O tarif\u00e1rio ilimitado a 6 euros por m\u00eas tornava isso tentador, mesmo que os termos de utiliza\u00e7\u00e3o n\u00e3o previssem esse uso. Agora a operadora tornou oficial o que j\u00e1 acontecia na pr\u00e1tica, e fez melhor.<\/p>\n<p>Assim sendo, lan\u00e7ou um tarif\u00e1rio pensado mesmo para isso, mais barato do que os 6 euros, e com router inclu\u00eddo. \u00c9 mais uma novidade a juntar a <a href=\"https:\/\/www.magazine-hd.com\/apps\/wp\/as-3-grandes-novidades-que-acabam-de-chegar-a-digi\/\" target=\"_blank\" rel=\"noopener nofollow\">outras tr\u00eas<\/a> que chegaram nos \u00faltimos dias.<\/p>\n<p>O plano <strong><a href=\"https:\/\/www.digi.pt\/perguntas-frequentes\/net\/a-net-fixa-5g-tem-custo-de-instalacao\" target=\"_blank\" rel=\"noopener nofollow\">Net Fixa 5G<\/a> <\/strong>da DIGI \u00e9 uma solu\u00e7\u00e3o de internet residencial que usa a rede m\u00f3vel em vez de fibra. Por uns incr\u00edveis <strong>5 euros por m\u00eas<\/strong>, o cliente recebe um <strong>router 5G da ZTE com cart\u00e3o SIM inclu\u00eddo e tr\u00e1fego ilimitado<\/strong>.<\/p>\n<p>\u00c9 suficiente?<br \/>\n<img loading=\"lazy\" decoding=\"async\" class=\"size-full wp-image-771707\" src=\"https:\/\/www.europesays.com\/pt\/wp-content\/uploads\/2026\/06\/digi.webp\" alt=\"digi\" width=\"1200\" height=\"675\"  \/>DIGI<\/p>\n<p>A velocidade est\u00e1 limitada a <strong>50 Mbps de download e 10 Mbps de upload<\/strong>. Para navega\u00e7\u00e3o, streaming de v\u00eddeo, videochamadas e trabalho remoto do dia a dia, \u00e9 suficiente para a maioria das fam\u00edlias. N\u00e3o \u00e9 a mesma coisa que ter fibra com velocidades de gigabit, mas para muita gente n\u00e3o \u00e9 isso que est\u00e1 em jogo.<\/p>\n<p>A proposta \u00e9 dirigida a quem <strong>n\u00e3o tem cobertura de fibra DIGI<\/strong> na sua zona, mas que vive numa \u00e1rea com boa cobertura 4G ou 5G da operadora. Aldeias, zonas rurais, localidades onde a fibra ainda n\u00e3o chegou ou onde os pre\u00e7os dos operadores tradicionais n\u00e3o fazem sentido com o que se recebe em troca.<\/p>\n<p>A cobertura da DIGI tem melhorado de forma consistente, e j\u00e1 cobre uma parte significativa do territ\u00f3rio. A solu\u00e7\u00e3o tem ainda uma vantagem extra: quem subscreve o Net Fixa 5G pode adicionar o servi\u00e7o de televis\u00e3o da DIGI ao pacote, que custa apenas 12 euros por m\u00eas.<\/p>\n","protected":false},"excerpt":{"rendered":"Quando a DIGI chegou a Portugal, a fibra \u00f3tica levou a maior parte da aten\u00e7\u00e3o, e com raz\u00e3o,&hellip;\n","protected":false},"author":2,"featured_media":425407,"comment_status":"","ping_status":"","sticky":false,"template":"","format":"standard","meta":{"footnotes":"","_share_on_mastodon":"0"},"categories":[83],"tags":[17359,88,16370,7513,89,90,69159,69160,69161,32,33,69162],"class_list":["post-425406","post","type-post","status-publish","format-standard","has-post-thumbnail","category-empresas","tag-5g","tag-business","tag-cobertura","tag-digi","tag-economy","tag-empresas","tag-internet-fixa","tag-net","tag-net-fixa","tag-portugal","tag-pt","tag-router-zte"],"share_on_mastodon":{"url":"https:\/\/pubeurope.com\/@pt\/116787504289536544","error":""},"_links":{"self":[{"href":"https:\/\/www.europesays.com\/pt\/wp-json\/wp\/v2\/posts\/425406","targetHints":{"allow":["GET"]}}],"collection":[{"href":"https:\/\/www.europesays.com\/pt\/wp-json\/wp\/v2\/posts"}],"about":[{"href":"https:\/\/www.europesays.com\/pt\/wp-json\/wp\/v2\/types\/post"}],"author":[{"embeddable":true,"href":"https:\/\/www.europesays.com\/pt\/wp-json\/wp\/v2\/users\/2"}],"replies":[{"embeddable":true,"href":"https:\/\/www.europesays.com\/pt\/wp-json\/wp\/v2\/comments?post=425406"}],"version-history":[{"count":0,"href":"https:\/\/www.europesays.com\/pt\/wp-json\/wp\/v2\/posts\/425406\/revisions"}],"wp:featuredmedia":[{"embeddable":true,"href":"https:\/\/www.europesays.com\/pt\/wp-json\/wp\/v2\/media\/425407"}],"wp:attachment":[{"href":"https:\/\/www.europesays.com\/pt\/wp-json\/wp\/v2\/media?parent=425406"}],"wp:term":[{"taxonomy":"category","embeddable":true,"href":"https:\/\/www.europesays.com\/pt\/wp-json\/wp\/v2\/categories?post=425406"},{"taxonomy":"post_tag","embeddable":true,"href":"https:\/\/www.europesays.com\/pt\/wp-json\/wp\/v2\/tags?post=425406"}],"curies":[{"name":"wp","href":"https:\/\/api.w.org\/{rel}","templated":true}]}}