{"id":425635,"date":"2026-06-21T14:21:12","date_gmt":"2026-06-21T14:21:12","guid":{"rendered":"https:\/\/www.europesays.com\/pt\/425635\/"},"modified":"2026-06-21T14:21:12","modified_gmt":"2026-06-21T14:21:12","slug":"mercado-aberto-chat-gpt-recomenda-1-reforco-para-sporting-benfica-e-fc-porto-ex-jogador-das-aguias-e-o-recomendado-aos-leoes","status":"publish","type":"post","link":"https:\/\/www.europesays.com\/pt\/425635\/","title":{"rendered":"Mercado aberto: Chat GPT recomenda 1 refor\u00e7o para Sporting, Benfica e FC Porto (ex-jogador das \u00e1guias \u00e9 o recomendado aos le\u00f5es)"},"content":{"rendered":"<p>&#8211; Advertisement &#8211;<\/p>\n<p><strong>Sporting, Benfica e FC Porto est\u00e3o no mercado em busca de jogadores para alguns setores dos respetivos plant\u00e9is. <\/strong><\/p>\n<p class=\"wp-block-paragraph\">Sporting, Benfica e FC Porto est\u00e3o em busca de refor\u00e7os para a pr\u00f3xima temporada, com algumas posi\u00e7\u00f5es debilitadas, necessitando de op\u00e7\u00f5es. O Bola na Rede pediu ao Chat GPT que indicasse um refor\u00e7o realista para cada um dos emblemas e o sistema de Intelig\u00eancia Artificial analisou as debilidades existentes.<\/p>\n<p class=\"wp-block-paragraph\">Para os le\u00f5es recomendou um m\u00e9dio, uma vez que <a href=\"https:\/\/bolanarede.pt\/etiqueta\/morten-hjulmand\/\" target=\"_blank\" rel=\"noreferrer noopener nofollow\">Morten Hjulmand<\/a> est\u00e1 de sa\u00edda. J\u00e1 para as \u00e1guias, o Chat GPT considera que os encarnados devem contratar um lateral direito que possa assumir a titularidade em definitivo. Aos drag\u00f5es, foi recomendado um lateral esquerdo.<\/p>\n<p class=\"wp-block-paragraph\">Eis a resposta:<\/p>\n<p class=\"wp-block-paragraph\"><strong>Sporting<\/strong><\/p>\n<p class=\"wp-block-paragraph\">Debilidade: M\u00e9dio defensivo (caso haja sa\u00edda de Morten Hjulmand)<\/p>\n<p class=\"wp-block-paragraph\">O dinamarqu\u00eas continua a ser associado a clubes das principais ligas europeias. Se sair, o Sporting perde o jogador que d\u00e1 equil\u00edbrio \u00e0 equipa, lideran\u00e7a e capacidade de recupera\u00e7\u00e3o de bola.<\/p>\n<p class=\"wp-block-paragraph\"><strong>Refor\u00e7o realista: Martim Neto (Elche)<\/strong><\/p>\n<p class=\"wp-block-paragraph\"><strong>Benfica<\/strong><\/p>\n<p class=\"wp-block-paragraph\">Debilidade: Lateral-direito<\/p>\n<p class=\"wp-block-paragraph\">Apesar de existirem solu\u00e7\u00f5es internas, o Benfica continua sem ter um lateral-direito claramente dominante dos dois lados do jogo. A posi\u00e7\u00e3o tem sido uma das mais inst\u00e1veis do plantel nos \u00faltimos anos e pode voltar a necessitar de investimento caso n\u00e3o exista afirma\u00e7\u00e3o definitiva de uma op\u00e7\u00e3o interna.<\/p>\n<p class=\"wp-block-paragraph\"><strong>Refor\u00e7o realista: Tiago Santos (Lille)<\/strong><\/p>\n<p class=\"wp-block-paragraph\"><strong>FC Porto<\/strong><\/p>\n<p class=\"wp-block-paragraph\">Debilidade: Lateral-esquerdo<\/p>\n<p class=\"wp-block-paragraph\">\u00c9 provavelmente a posi\u00e7\u00e3o mais carenciada do plantel. Ao longo da \u00e9poca houve v\u00e1rias d\u00favidas sobre a profundidade e a qualidade dispon\u00edvel para o corredor esquerdo.<\/p>\n<p class=\"wp-block-paragraph\"><strong>Refor\u00e7o realista: Leonardo Lelo (Braga)<\/strong><\/p>\n<p class=\"wp-block-paragraph\">Nota para o facto de Tiago Santos ter sido formado pelo Sporting, sendo recomendado ao Benfica. No sentido inverso, Martim Neto foi uma p\u00e9rola do Benfica e \u00e9 o nome eleito para o Sporting.<\/p>\n","protected":false},"excerpt":{"rendered":"&#8211; Advertisement &#8211; Sporting, Benfica e FC Porto est\u00e3o no mercado em busca de jogadores para alguns setores&hellip;\n","protected":false},"author":2,"featured_media":425636,"comment_status":"","ping_status":"","sticky":false,"template":"","format":"standard","meta":{"footnotes":"","_share_on_mastodon":"0"},"categories":[87],"tags":[260,51,1951,135,282,32,33,34,134],"class_list":["post-425635","post","type-post","status-publish","format-standard","has-post-thumbnail","category-desporto","tag-atualidade","tag-benfica","tag-chat-gpt","tag-desporto","tag-fc-porto","tag-portugal","tag-pt","tag-sporting","tag-sports"],"share_on_mastodon":{"url":"https:\/\/pubeurope.com\/@pt\/116788546049128580","error":""},"_links":{"self":[{"href":"https:\/\/www.europesays.com\/pt\/wp-json\/wp\/v2\/posts\/425635","targetHints":{"allow":["GET"]}}],"collection":[{"href":"https:\/\/www.europesays.com\/pt\/wp-json\/wp\/v2\/posts"}],"about":[{"href":"https:\/\/www.europesays.com\/pt\/wp-json\/wp\/v2\/types\/post"}],"author":[{"embeddable":true,"href":"https:\/\/www.europesays.com\/pt\/wp-json\/wp\/v2\/users\/2"}],"replies":[{"embeddable":true,"href":"https:\/\/www.europesays.com\/pt\/wp-json\/wp\/v2\/comments?post=425635"}],"version-history":[{"count":0,"href":"https:\/\/www.europesays.com\/pt\/wp-json\/wp\/v2\/posts\/425635\/revisions"}],"wp:featuredmedia":[{"embeddable":true,"href":"https:\/\/www.europesays.com\/pt\/wp-json\/wp\/v2\/media\/425636"}],"wp:attachment":[{"href":"https:\/\/www.europesays.com\/pt\/wp-json\/wp\/v2\/media?parent=425635"}],"wp:term":[{"taxonomy":"category","embeddable":true,"href":"https:\/\/www.europesays.com\/pt\/wp-json\/wp\/v2\/categories?post=425635"},{"taxonomy":"post_tag","embeddable":true,"href":"https:\/\/www.europesays.com\/pt\/wp-json\/wp\/v2\/tags?post=425635"}],"curies":[{"name":"wp","href":"https:\/\/api.w.org\/{rel}","templated":true}]}}