{"id":425712,"date":"2026-06-21T15:22:25","date_gmt":"2026-06-21T15:22:25","guid":{"rendered":"https:\/\/www.europesays.com\/pt\/425712\/"},"modified":"2026-06-21T15:22:25","modified_gmt":"2026-06-21T15:22:25","slug":"ataques-de-panico-em-viagens-veja-como-controlar-21-06-2026-equilibrio","status":"publish","type":"post","link":"https:\/\/www.europesays.com\/pt\/425712\/","title":{"rendered":"Ataques de p\u00e2nico em viagens: veja como controlar &#8211; 21\/06\/2026 &#8211; Equil\u00edbrio"},"content":{"rendered":"<p>Os <a href=\"https:\/\/www1.folha.uol.com.br\/blogs\/saude-mental\/2022\/04\/sindrome-do-panico-psiquiatra-explica-como-sao-as-crises-e-o-tratamento.shtml\" rel=\"nofollow noopener\" target=\"\">ataques de p\u00e2nico<\/a> podem causar uma ampla <a href=\"https:\/\/www1.folha.uol.com.br\/equilibrio\/2023\/04\/entenda-o-que-um-ataque-de-panico-faz-com-o-corpo-humano.shtml\" rel=\"nofollow noopener\" target=\"\">variedade de sintomas<\/a>, incluindo cora\u00e7\u00e3o acelerado, falta de ar e tontura. Algumas pessoas podem desenvolver um medo debilitante de futuros ataques. A boa not\u00edcia \u00e9 que voc\u00ea n\u00e3o precisa deixar que a amea\u00e7a de um ataque impe\u00e7a voc\u00ea de viajar.<\/p>\n<p>Veja dicas de como controlar seu p\u00e2nico.<\/p>\n<p>Fa\u00e7a passeios para praticar<\/p>\n<p><a href=\"https:\/\/www1.folha.uol.com.br\/folha-topicos\/3-dias-de-viagem\/\" rel=\"nofollow noopener\" target=\"\">Viagens curtas<\/a> perto de casa podem funcionar como uma forma de terapia de exposi\u00e7\u00e3o. Fa\u00e7a um tour guiado em um <a href=\"https:\/\/www1.folha.uol.com.br\/folha-topicos\/museu\/\" rel=\"nofollow noopener\" target=\"\">museu<\/a> pr\u00f3ximo ou passeie por uma feira ao ar livre movimentada para simular experi\u00eancias comuns de viagem em per\u00edodos mais curtos.<\/p>\n<p>Preste aten\u00e7\u00e3o em como seu corpo se sente, aprendendo o que voc\u00ea pode precisar nessas situa\u00e7\u00f5es e planejando como lidaria com um ataque de p\u00e2nico em uma viagem futura.<\/p>\n<p>Aceite a ansiedade antecipat\u00f3ria<\/p>\n<p>Se voc\u00ea tem ataques de p\u00e2nico, pode parecer contraproducente acolher a ansiedade de qualquer forma. No entanto, Jenny Matthews, terapeuta de sa\u00fade mental que conduz workshops sobre <a href=\"https:\/\/www1.folha.uol.com.br\/folha-topicos\/ansiedade\/\" rel=\"nofollow noopener\" target=\"\">ansiedade<\/a> de voar no Aeroporto Internacional de Minneapolis-St. Paul, diz que a ansiedade antecipat\u00f3ria pode, na verdade, ajudar voc\u00ea a se preparar.<\/p>\n<p>Se voc\u00ea conseguir aceitar que sentir ansiedade antes de uma viagem \u00e9 normal, pode dar menos poder a ela. Use essa energia para planejar como voc\u00ea vai lidar com gatilhos ou momentos espec\u00edficos de p\u00e2nico durante sua viagem.<\/p>\n<p>Prepare um kit para ataques de p\u00e2nico<\/p>\n<p>Monte uma pequena bolsa com suprimentos que voc\u00ea possa manter consigo durante a viagem. Primeiro, coloque qualquer <a href=\"https:\/\/www1.folha.uol.com.br\/folha-topicos\/medicamentos\/\" rel=\"nofollow noopener\" target=\"\">medicamento<\/a> de emerg\u00eancia, como Frontal ou Lorax, que tenha sido prescrito pelo seu m\u00e9dico.<\/p>\n<p>Inclua medicamentos de venda livre, como Tylenol ou Advil, se voc\u00ea tiver <a href=\"https:\/\/www1.folha.uol.com.br\/equilibrio\/2024\/09\/entenda-as-diferencas-entre-enxaqueca-e-dor-de-cabeca.shtml\" rel=\"nofollow noopener\" target=\"\">dores de cabe\u00e7a ou enxaquecas<\/a> junto com a ansiedade, ou Dramin, j\u00e1 que pesquisas sugerem que o enjoo de movimento pode desencadear ansiedade.<\/p>\n<p>Se voc\u00ea sentir n\u00e1usea durante ou ap\u00f3s um ataque de p\u00e2nico, pesquisas sugerem que cheirar \u00e1lcool isoprop\u00edlico pode ajudar, ent\u00e3o inclua alguns sach\u00eas de \u00e1lcool.<\/p>\n<p>Busque apoio<\/p>\n<p>Matthews diz que, ao ter um ataque de p\u00e2nico, \u00e9 comum as pessoas tentarem esconder o que est\u00e3o passando, adicionando press\u00e3o \u00e0 situa\u00e7\u00e3o. Conversar com um acompanhante, um comiss\u00e1rio de bordo, um guia tur\u00edstico ou at\u00e9 mesmo um desconhecido em um grupo de viagem &#8220;pode ajudar a reduzir parte desse fardo de guardar esse segredo e manter tudo sob controle&#8221;, diz ela.<\/p>\n<p>Seja espec\u00edfico sobre o que voc\u00ea precisa, acrescenta, seja uma palavra de encorajamento, seja uma m\u00e3o para segurar.<\/p>\n<p>Priorize uma atividade por dia<\/p>\n<p>Voc\u00ea pode sentir a necessidade de encaixar todas as experi\u00eancias em uma \u00fanica viagem, mas isso pode n\u00e3o ser poss\u00edvel se voc\u00ea tem ataques de p\u00e2nico regularmente.<\/p>\n<p>N\u00e3o h\u00e1 problema em ter limita\u00e7\u00f5es e ser honesto sobre o quanto voc\u00ea consegue fazer. Tente escolher uma prioridade por dia e fa\u00e7a as adapta\u00e7\u00f5es necess\u00e1rias para ajud\u00e1-lo a chegar l\u00e1.<\/p>\n","protected":false},"excerpt":{"rendered":"Os ataques de p\u00e2nico podem causar uma ampla variedade de sintomas, incluindo cora\u00e7\u00e3o acelerado, falta de ar e&hellip;\n","protected":false},"author":2,"featured_media":425713,"comment_status":"","ping_status":"","sticky":false,"template":"","format":"standard","meta":{"footnotes":"","_share_on_mastodon":"0"},"categories":[86],"tags":[322,324,69200,236,116,32,33,117,1822,1456,814,10780,69199,5226],"class_list":["post-425712","post","type-post","status-publish","format-standard","has-post-thumbnail","category-saude","tag-aeroporto","tag-aviao","tag-crise-de-panico","tag-folha","tag-health","tag-portugal","tag-pt","tag-saude","tag-the-new-york-times","tag-turismo","tag-viagem","tag-viajar","tag-voar","tag-voo"],"share_on_mastodon":{"url":"https:\/\/pubeurope.com\/@pt\/116788785798373046","error":""},"_links":{"self":[{"href":"https:\/\/www.europesays.com\/pt\/wp-json\/wp\/v2\/posts\/425712","targetHints":{"allow":["GET"]}}],"collection":[{"href":"https:\/\/www.europesays.com\/pt\/wp-json\/wp\/v2\/posts"}],"about":[{"href":"https:\/\/www.europesays.com\/pt\/wp-json\/wp\/v2\/types\/post"}],"author":[{"embeddable":true,"href":"https:\/\/www.europesays.com\/pt\/wp-json\/wp\/v2\/users\/2"}],"replies":[{"embeddable":true,"href":"https:\/\/www.europesays.com\/pt\/wp-json\/wp\/v2\/comments?post=425712"}],"version-history":[{"count":0,"href":"https:\/\/www.europesays.com\/pt\/wp-json\/wp\/v2\/posts\/425712\/revisions"}],"wp:featuredmedia":[{"embeddable":true,"href":"https:\/\/www.europesays.com\/pt\/wp-json\/wp\/v2\/media\/425713"}],"wp:attachment":[{"href":"https:\/\/www.europesays.com\/pt\/wp-json\/wp\/v2\/media?parent=425712"}],"wp:term":[{"taxonomy":"category","embeddable":true,"href":"https:\/\/www.europesays.com\/pt\/wp-json\/wp\/v2\/categories?post=425712"},{"taxonomy":"post_tag","embeddable":true,"href":"https:\/\/www.europesays.com\/pt\/wp-json\/wp\/v2\/tags?post=425712"}],"curies":[{"name":"wp","href":"https:\/\/api.w.org\/{rel}","templated":true}]}}