{"id":425826,"date":"2026-06-21T17:27:29","date_gmt":"2026-06-21T17:27:29","guid":{"rendered":"https:\/\/www.europesays.com\/pt\/425826\/"},"modified":"2026-06-21T17:27:29","modified_gmt":"2026-06-21T17:27:29","slug":"odair-moniz-centenas-em-lisboa-contra-pena-suspensa-de-psp-observador","status":"publish","type":"post","link":"https:\/\/www.europesays.com\/pt\/425826\/","title":{"rendered":"Odair Moniz. Centenas em Lisboa contra pena suspensa de PSP \u2013 Observador"},"content":{"rendered":"<p>Centenas de pessoas manifestaram-se este s\u00e1bado na Baixa de Lisboa para protestar contra a senten\u00e7a que condenou a pena suspensa o pol\u00edcia que matou Odair Moniz, numa iniciativa organizada pelo movimento Vida Justa.<\/p>\n<p>Sob o lema \u201cSem justi\u00e7a n\u00e3o h\u00e1 paz\u201d, o movimento pretendia tamb\u00e9m chamar a aten\u00e7\u00e3o para o \u201cracismo estrutural\u201d da justi\u00e7a. Outros coletivos, como a Frente Anti-Racista e SOS Racismo, apoiaram a manifesta\u00e7\u00e3o, que partiu \u00e0s 18:00 do Largo de S\u00e3o Domingos.<\/p>\n<p>\u201cViol\u00eancia policial \u00e9 heran\u00e7a colonial\u201d eram algumas das palavras de ordem dominantes entoadas pelos participantes na manifesta\u00e7\u00e3o que, num final de tarde muito quente, desfilaram pelas ruas da Baixa de Lisboa. Nos cartazes de alguns manifestantes e nas faixas das organiza\u00e7\u00f5es participantes lia-se \u201cJusti\u00e7a para Odair Moniz\u201d, \u201cSem justi\u00e7a n\u00e3o h\u00e1 paz\u201d e \u201cVidas negras importam\u201d, entre outras afirma\u00e7\u00f5es de protesto.<\/p>\n<p>\u201cUma pessoa desarmada \u00e9 abatida, e diz-se [na senten\u00e7a] que \u00e9 leg\u00edtima defesa\u201d, declarou \u00e0 Lusa Fl\u00e1vio Almada, ativista do movimento Vida Justa, considerando que \u201ca mem\u00f3ria de Odair Moniz foi tra\u00edda pela justi\u00e7a\u201d.<\/p>\n<p>Acrescentou que a manifesta\u00e7\u00e3o de s\u00e1bado foi convocada tamb\u00e9m para \u201cchamar a aten\u00e7\u00e3o para outras pessoas que foram mortas pela pol\u00edcia nas mesmas circunst\u00e2ncias\u201d. Fl\u00e1vio Almada recordou a morte de um jovem de 14 anos, em 2009, que a justi\u00e7a considerou como tendo sido \u201cum evento infeliz\u201d para ilibar o agente julgado pelo sucedido.<\/p>\n<p>A nova lei que cria zonas de impacto social e criminalidade foi ainda apontada pelo ativista como sendo mais um sinal de \u201ccriminaliza\u00e7\u00e3o da pobreza e da imigra\u00e7\u00e3o, da repress\u00e3o e da deriva autorit\u00e1ria a que estamos a assistir\u201d.<\/p>\n<p>Berenice, 23 anos, juntou-se \u00e0 manifesta\u00e7\u00e3o de hoje por \u201cuma raz\u00e3o muito complexa e uma mistura de sentimentos\u201d. \u201cSou cabo-verdiana, na segunda-feira estava muito feliz porque t\u00ednhamos ganhado \u2014 para mim foi como se tiv\u00e9ssemos ganhado \u2014 o jogo do Mundial contra Espanha e, na ter\u00e7a-feira, estava a chorar no autocarro em que me dirigia para o trabalho e a pensar \u2018mas que justi\u00e7a \u00e9 esta?\u201d, disse, referindo-se \u00e0 senten\u00e7a do pol\u00edcia que matou Odair Moniz. \u201cFiquei a pensar em como as nossas vidas nada valem, e em como n\u00e3o somos respeitados\u201d, acrescentou.<\/p>\n<p>Francisco, 40 anos, resolveu participar no protesto por sentir que a senten\u00e7a foi \u201cde uma injusti\u00e7a tremenda\u201d. \u201c\u00c9 por isso que estou aqui, para pedir justi\u00e7a. As autoridades t\u00eam de dar o exemplo. Acredito que h\u00e1 bons profissionais na PSP, mas todos t\u00eam de dar o exemplo\u201d, disse.<\/p>\n<p>No dia 15 de junho, o Tribunal de Sintra condenou o agente da PSP Bruno Pinto pelo homic\u00eddio do cabo-verdiano Odair Moniz, de 43 anos, baleado na Cova da Moura, no concelho da Amadora, no distrito de Lisboa, em outubro de 2024. Por\u00e9m, ao mesmo tempo, decidiu aplicar pelo crime uma pena suspensa de tr\u00eas anos e seis meses, considerando ainda que Bruno Pinto pode continuar a ser pol\u00edcia.<\/p>\n","protected":false},"excerpt":{"rendered":"Centenas de pessoas manifestaram-se este s\u00e1bado na Baixa de Lisboa para protestar contra a senten\u00e7a que condenou a&hellip;\n","protected":false},"author":2,"featured_media":425827,"comment_status":"","ping_status":"","sticky":false,"template":"","format":"standard","meta":{"footnotes":"","_share_on_mastodon":"0"},"categories":[10],"tags":[27,28,15,16,14,300,25,26,21,22,14385,12,13,19,20,2003,32,23,24,4256,1306,33,2004,58,17,18,29,30,31],"class_list":["post-425826","post","type-post","status-publish","format-standard","has-post-thumbnail","category-portugal","tag-breaking-news","tag-breakingnews","tag-featured-news","tag-featurednews","tag-headlines","tag-justiu00e7a","tag-latest-news","tag-latestnews","tag-main-news","tag-mainnews","tag-manifestau00e7u00f5es","tag-news","tag-noticias","tag-noticias-principais","tag-noticiasprincipais","tag-polu00edcia","tag-portugal","tag-principais-noticias","tag-principaisnoticias","tag-protestos","tag-psp","tag-pt","tag-seguranu00e7a","tag-sociedade","tag-top-stories","tag-topstories","tag-ultimas","tag-ultimas-noticias","tag-ultimasnoticias"],"share_on_mastodon":{"url":"https:\/\/pubeurope.com\/@pt\/116789277342977573","error":""},"_links":{"self":[{"href":"https:\/\/www.europesays.com\/pt\/wp-json\/wp\/v2\/posts\/425826","targetHints":{"allow":["GET"]}}],"collection":[{"href":"https:\/\/www.europesays.com\/pt\/wp-json\/wp\/v2\/posts"}],"about":[{"href":"https:\/\/www.europesays.com\/pt\/wp-json\/wp\/v2\/types\/post"}],"author":[{"embeddable":true,"href":"https:\/\/www.europesays.com\/pt\/wp-json\/wp\/v2\/users\/2"}],"replies":[{"embeddable":true,"href":"https:\/\/www.europesays.com\/pt\/wp-json\/wp\/v2\/comments?post=425826"}],"version-history":[{"count":0,"href":"https:\/\/www.europesays.com\/pt\/wp-json\/wp\/v2\/posts\/425826\/revisions"}],"wp:featuredmedia":[{"embeddable":true,"href":"https:\/\/www.europesays.com\/pt\/wp-json\/wp\/v2\/media\/425827"}],"wp:attachment":[{"href":"https:\/\/www.europesays.com\/pt\/wp-json\/wp\/v2\/media?parent=425826"}],"wp:term":[{"taxonomy":"category","embeddable":true,"href":"https:\/\/www.europesays.com\/pt\/wp-json\/wp\/v2\/categories?post=425826"},{"taxonomy":"post_tag","embeddable":true,"href":"https:\/\/www.europesays.com\/pt\/wp-json\/wp\/v2\/tags?post=425826"}],"curies":[{"name":"wp","href":"https:\/\/api.w.org\/{rel}","templated":true}]}}