{"id":42613,"date":"2025-08-24T08:57:10","date_gmt":"2025-08-24T08:57:10","guid":{"rendered":"https:\/\/www.europesays.com\/pt\/42613\/"},"modified":"2025-08-24T08:57:10","modified_gmt":"2025-08-24T08:57:10","slug":"vacina-covid-para-bebes-e-criancas","status":"publish","type":"post","link":"https:\/\/www.europesays.com\/pt\/42613\/","title":{"rendered":"vacina COVID para beb\u00e9s e crian\u00e7as"},"content":{"rendered":"<p class=\"wp-caption-text top\">Abir Sultan \/ EPA<\/p>\n<p><img decoding=\"async\" loading=\"lazy\" class=\"size-kopa-image-size-3 wp-image-447419\" src=\"https:\/\/www.europesays.com\/pt\/wp-content\/uploads\/2025\/08\/3bf771d6d71f5ef6a5b6db3bc8372946-783x450.jpg\" alt=\"Uma crian\u00e7a a ser inoculada contra a covid-19\" width=\"700\" height=\"402\"  \/><\/p>\n<p><strong>Calend\u00e1rio de vacina\u00e7\u00e3o da Academia Americana de Pediatria n\u00e3o encaixa nas ideias do CDC. Uns recomendam vacina, outros n\u00e3o.<\/strong><\/p>\n<p>A <strong>vacina\u00e7\u00e3o<\/strong> contra a <a href=\"https:\/\/zap.aeiou.pt\/thread\/covid-19\" data-wpel-link=\"internal\" rel=\"nofollow noopener\" target=\"_blank\">COVID-19<\/a> para os mais pequenos acabou de originar o primeiro <strong>\u201cchoque\u201d<\/strong> entre a Academia Americana de Pediatria <strong>(AAP)<\/strong> e o Centro de Controlo e Preven\u00e7\u00e3o de Doen\u00e7as <strong>(CDC).<\/strong><\/p>\n<p>Nesta ter\u00e7a-feira, a AAP divulgou um <a href=\"https:\/\/www.aap.org\/en\/news-room\/news-releases\/aap\/2025\/the-american-academy-of-pediatrics-releases-its-own-evidence-based-immunization-schedule\/\" data-wpel-link=\"external\" target=\"_blank\" rel=\"nofollow external noopener noreferrer\" class=\"ext-link\">calend\u00e1rio de vacina\u00e7\u00e3o<\/a>, no qual recomenda que todos os beb\u00e9s dos<strong> 6 aos 23 meses tomem a vacina contra a COVID-19<\/strong>, j\u00e1 em 2025\/26.<\/p>\n<p>Mas o <strong>CDC n\u00e3o recomenda<\/strong> a vacina\u00e7\u00e3o de rotina contra a COVID-19 para beb\u00e9s e crian\u00e7as.<\/p>\n<p>Curiosamente, a AAP alega que s\u00e3o precisamente os <strong>dados<\/strong> do <strong>CDC<\/strong> que <strong>apoiam<\/strong> a sua decis\u00e3o de vacinar os mais novos \u2013 mesmo que o pr\u00f3prio CDC n\u00e3o o recomenda.<\/p>\n<p>Os dados mostram que as <strong>hospitaliza\u00e7\u00f5es<\/strong> por COVID-19 em crian\u00e7as com menos de 2 anos s\u00e3o compar\u00e1veis \u200b\u200b\u00e0s das pessoas entre os <strong>50 e os 64 anos<\/strong>; e s\u00e3o as mais elevadas entre todos os grupos pedi\u00e1tricos.<\/p>\n<p>Mais de metade das crian\u00e7as com menos de 2 anos hospitalizadas com COVID-19 n\u00e3o apresentava qualquer condi\u00e7\u00e3o m\u00e9dica subjacente.<\/p>\n<p>A academia considera que o <strong>risco<\/strong> de <strong>hospitaliza\u00e7\u00e3o<\/strong> de crian\u00e7as pequenas e de pessoas com condi\u00e7\u00f5es de alto risco continua a ser <strong>bastante elevado,<\/strong> apesar de n\u00e3o estarmos nas fases mais preocupantes da pandemia.<\/p>\n<p>E ainda h\u00e1 outro ponto que gera disc\u00f3rdia: a AAP recomenda <strong>vacina para crian\u00e7as e jovens entre os 2 e os 18 anos<\/strong>. Com algumas condi\u00e7\u00f5es: se correm alto risco de COVID grave, se est\u00e3o em institui\u00e7\u00f5es de cuidados continuados (ou noutro contexto de muitos contactos de risco), se nunca foram vacinados contra a COVID, ou se vivem com algu\u00e9m que corre um risco elevado de COVID-19.<\/p>\n<p>Outras crian\u00e7as que n\u00e3o se enquadrem nestes grupos de risco devem tamb\u00e9m considerar seriamente vacinar-se, segundo a AAP.<\/p>\n<p>O <strong>CDC defende o contr\u00e1rio<\/strong>: j\u00e1 n\u00e3o recomenda a vacina\u00e7\u00e3o de rotina contra a COVID para crian\u00e7as saud\u00e1veis.<\/p>\n<p>O <a href=\"https:\/\/www.huffpost.com\/entry\/american-pediatrics-covid-19-shot-cdc_n_68a4acfbe4b03709c0869e9d\" data-wpel-link=\"external\" target=\"_blank\" rel=\"nofollow external noopener noreferrer\" class=\"ext-link\">HuffPost<\/a> lembra as altera\u00e7\u00f5es recentes na estrutura da sa\u00fade p\u00fablica nos EUA. Desde que Donald Trump voltou a ser presidente dos EUA, <strong>Robert F. Kennedy Jr.<\/strong> passou a supervisionar a pol\u00edtica nacional de sa\u00fade.<\/p>\n<p>H\u00e1 apenas dois meses, Robert F. Kennedy Jr. decidiu <strong>demitir<\/strong> todos os 17 membros do Comit\u00e9 Consultivo para as Pr\u00e1ticas de Imuniza\u00e7\u00e3o \u2013 e <strong>substituiu-os por cr\u00edticos da vacina e por especialistas em teorias da conspira\u00e7\u00e3o.<\/strong><\/p>\n<p>    <a href=\"https:\/\/zap.aeiou.pt\/subscrever-newsletter\" data-wpel-link=\"internal\" rel=\"nofollow noopener\" target=\"_blank\">&#13;<br \/>\n        <img loading=\"lazy\" decoding=\"async\" class=\"aligncenter size-full wp-image-575475\" src=\"https:\/\/www.europesays.com\/pt\/wp-content\/uploads\/2025\/08\/1755434168_358_2d51fe4a0ba54894421ead1809309ed9-1-450x140.jpg\" alt=\"Subscreva a Newsletter ZAP\" width=\"450\" height=\"140\"\/>&#13;<br \/>\n    <\/a><\/p>\n<p>                <a href=\"https:\/\/whatsapp.com\/channel\/0029VaIC4EE2f3EJZPPSbR34\" data-wpel-link=\"external\" target=\"_blank\" rel=\"nofollow external noopener noreferrer\" class=\"ext-link\">&#13;<br \/>\n                    <img loading=\"lazy\" decoding=\"async\" class=\"aligncenter size-full wp-image-575475\" src=\"https:\/\/www.europesays.com\/pt\/wp-content\/uploads\/2025\/08\/1755434169_968_c68c559d956d4ca20f435ed74a6e71e6.png\" alt=\"Siga-nos no WhatsApp\" width=\"175\" height=\"64\"\/>&#13;<br \/>\n                <\/a><\/p>\n<p>                <a href=\"https:\/\/news.google.com\/publications\/CAAiEHRwZondIV71PDjWNoqMduEqFAgKIhB0cGaJ3SFe9Tw41jaKjHbh?hl=en-US&amp;gl=US&amp;ceid=US%3Aen\" data-wpel-link=\"external\" target=\"_blank\" rel=\"nofollow external noopener noreferrer\" class=\"ext-link\">&#13;<br \/>\n                    <img loading=\"lazy\" decoding=\"async\" class=\"aligncenter size-full wp-image-575475\" src=\"https:\/\/www.europesays.com\/pt\/wp-content\/uploads\/2025\/08\/1755434170_730_5123dd8b087b644fdb8f8603acd1bad4.png\" alt=\"Siga-nos no Google News\" width=\"176\" height=\"64\"\/>&#13;<br \/>\n                <\/a><\/p>\n","protected":false},"excerpt":{"rendered":"Abir Sultan \/ EPA Calend\u00e1rio de vacina\u00e7\u00e3o da Academia Americana de Pediatria n\u00e3o encaixa nas ideias do CDC.&hellip;\n","protected":false},"author":2,"featured_media":42614,"comment_status":"","ping_status":"","sticky":false,"template":"","format":"standard","meta":{"footnotes":""},"categories":[86],"tags":[3913,838,413,116,32,33,117,896,2820],"class_list":{"0":"post-42613","1":"post","2":"type-post","3":"status-publish","4":"format-standard","5":"has-post-thumbnail","7":"category-saude","8":"tag-coronavirus","9":"tag-criancas","10":"tag-eua","11":"tag-health","12":"tag-portugal","13":"tag-pt","14":"tag-saude","15":"tag-saude-publica","16":"tag-vacinacao"},"share_on_mastodon":{"url":"","error":""},"_links":{"self":[{"href":"https:\/\/www.europesays.com\/pt\/wp-json\/wp\/v2\/posts\/42613","targetHints":{"allow":["GET"]}}],"collection":[{"href":"https:\/\/www.europesays.com\/pt\/wp-json\/wp\/v2\/posts"}],"about":[{"href":"https:\/\/www.europesays.com\/pt\/wp-json\/wp\/v2\/types\/post"}],"author":[{"embeddable":true,"href":"https:\/\/www.europesays.com\/pt\/wp-json\/wp\/v2\/users\/2"}],"replies":[{"embeddable":true,"href":"https:\/\/www.europesays.com\/pt\/wp-json\/wp\/v2\/comments?post=42613"}],"version-history":[{"count":0,"href":"https:\/\/www.europesays.com\/pt\/wp-json\/wp\/v2\/posts\/42613\/revisions"}],"wp:featuredmedia":[{"embeddable":true,"href":"https:\/\/www.europesays.com\/pt\/wp-json\/wp\/v2\/media\/42614"}],"wp:attachment":[{"href":"https:\/\/www.europesays.com\/pt\/wp-json\/wp\/v2\/media?parent=42613"}],"wp:term":[{"taxonomy":"category","embeddable":true,"href":"https:\/\/www.europesays.com\/pt\/wp-json\/wp\/v2\/categories?post=42613"},{"taxonomy":"post_tag","embeddable":true,"href":"https:\/\/www.europesays.com\/pt\/wp-json\/wp\/v2\/tags?post=42613"}],"curies":[{"name":"wp","href":"https:\/\/api.w.org\/{rel}","templated":true}]}}