{"id":42619,"date":"2025-08-24T09:03:13","date_gmt":"2025-08-24T09:03:13","guid":{"rendered":"https:\/\/www.europesays.com\/pt\/42619\/"},"modified":"2025-08-24T09:03:13","modified_gmt":"2025-08-24T09:03:13","slug":"bruno-lage-permitimos-uma-grande-exibicao-ao-guarda-redes-do-tondela","status":"publish","type":"post","link":"https:\/\/www.europesays.com\/pt\/42619\/","title":{"rendered":"Bruno Lage: &#8220;Permitimos uma grande exibi\u00e7\u00e3o ao guarda-redes do Tondela&#8221;"},"content":{"rendered":"<p>Depois de elogiar os adeptos, Bruno Lage analisou a partida. &#8220;T\u00ednhamos que ter uma primeira parte e entrada forte e foi isso que fizemos. Foi uma primeira parte de grande qualidade. Pod\u00edamos ter alcan\u00e7ado outro resultado. Permitimos uma grande exibi\u00e7\u00e3o ao guarda-redes do Tondela. Na segunda parte, uns por desgaste, outros por falta de ritmo, fomos sentindo e fizemos as altera\u00e7\u00f5es. Gerimos a equipa, tent\u00e1mos que se mantivesse coesa. Manter o bloco a atacar e a defender. Soubemos controlar. Tr\u00eas pontos e agora come\u00e7ar j\u00e1 a preparar o jogo de quarta-feira, que \u00e9 muito importante para n\u00f3s&#8221;, explicou.<\/p>\n<p data-remotead-prev-elm=\"true\" data-remotead-elm-id=\"inread\">O Benfica fez seis jogos e ainda n\u00e3o sofreu em nenhum deles, com Lage a dar o &#8220;m\u00e9rito aos jogadores&#8221;. &#8220;Interpretam bem a estrat\u00e9gia. Era fundamental variar a constru\u00e7\u00e3o, variando tamb\u00e9m os jogadores para o advers\u00e1rio n\u00e3o ter refer\u00eancias, e depois encontrar os caminhos para o golo. Procurar laterais por fora e atacar a linha defensiva. O plano da segunda parte era este, de controlo&#8221;, disse.<\/p>\n<p>Por fim, comentou a import\u00e2ncia do jogo contra o Fenerbah\u00e7e a valer um lugar na Liga dos Campe\u00f5es. &#8220;\u00c9 fundamental o apoio dos nossos adeptos. Sab\u00edamos o que t\u00ednhamos que fazer em agosto, um trof\u00e9u para conquistar, o acesso \u00e0 Liga dos Campe\u00f5es e o principal objetivo que \u00e9 o campeonato. M\u00e9rito dos adeptos que t\u00eam apoiado, mas tamb\u00e9m dos nossos jogadores pela forma como se empenham&#8221;, concluiu Bruno Lage.<\/p>\n<p><strong>Ivo Vieira: &#8220;Seria contradit\u00f3rio estar a jogar num bloco baixo&#8221;<\/strong><\/p>\n<p data-remotead-prev-elm=\"true\" data-remotead-elm-id=\"centro1\">&#8220;Jog\u00e1mos contra uma equipa num ambiente favor\u00e1vel. A mensagem passada vai ao encontro do que a equipa tentou fazer. T\u00ednhamos de acreditar, conscientes do poderio do Benfica, este apoio fant\u00e1stico. A equipa bateu-se, tentou discutir. Quero ver o futebol desta forma, seria contradit\u00f3rio estar a jogar num bloco baixo e perder na mesma. Tent\u00e1mos que a equipa desse passos em frente naquilo que \u00e9 o processo. Calend\u00e1rio dif\u00edcil, mas vamos continuar a trabalhar, temos de melhorar alguns aspetos, tentar ferir o advers\u00e1rio&#8221;, come\u00e7ou por dizer o t\u00e9cnico madeirense.<\/p>\n<p>O t\u00e9cnico do Tondela seguiu a analisar o jogo. &#8220;Sabemos que o Benfica \u00e9 uma equipa que pressiona alto. Tent\u00e1mos atrair e procurar a velocidade dos jogadores da frente. Ajust\u00e1mos com um extremo como quinto homem. Houve grande m\u00e9rito do Benfica em variar o centro de jogo. O Benfica define muito bem no \u00faltimo ter\u00e7o, a ideia era tentar estar vivos no jogo, apanh\u00e1mos uma equipa forte, que n\u00e3o nos deixou fazer o que pretend\u00edamos&#8221;, terminou.<\/p>\n","protected":false},"excerpt":{"rendered":"Depois de elogiar os adeptos, Bruno Lage analisou a partida. &#8220;T\u00ednhamos que ter uma primeira parte e entrada&hellip;\n","protected":false},"author":2,"featured_media":42620,"comment_status":"","ping_status":"","sticky":false,"template":"","format":"standard","meta":{"footnotes":""},"categories":[8],"tags":[27,28,15,16,14,25,26,21,22,12,13,19,20,32,23,24,33,17,18,29,30,31],"class_list":{"0":"post-42619","1":"post","2":"type-post","3":"status-publish","4":"format-standard","5":"has-post-thumbnail","7":"category-principais-noticias","8":"tag-breaking-news","9":"tag-breakingnews","10":"tag-featured-news","11":"tag-featurednews","12":"tag-headlines","13":"tag-latest-news","14":"tag-latestnews","15":"tag-main-news","16":"tag-mainnews","17":"tag-news","18":"tag-noticias","19":"tag-noticias-principais","20":"tag-noticiasprincipais","21":"tag-portugal","22":"tag-principais-noticias","23":"tag-principaisnoticias","24":"tag-pt","25":"tag-top-stories","26":"tag-topstories","27":"tag-ultimas","28":"tag-ultimas-noticias","29":"tag-ultimasnoticias"},"share_on_mastodon":{"url":"","error":""},"_links":{"self":[{"href":"https:\/\/www.europesays.com\/pt\/wp-json\/wp\/v2\/posts\/42619","targetHints":{"allow":["GET"]}}],"collection":[{"href":"https:\/\/www.europesays.com\/pt\/wp-json\/wp\/v2\/posts"}],"about":[{"href":"https:\/\/www.europesays.com\/pt\/wp-json\/wp\/v2\/types\/post"}],"author":[{"embeddable":true,"href":"https:\/\/www.europesays.com\/pt\/wp-json\/wp\/v2\/users\/2"}],"replies":[{"embeddable":true,"href":"https:\/\/www.europesays.com\/pt\/wp-json\/wp\/v2\/comments?post=42619"}],"version-history":[{"count":0,"href":"https:\/\/www.europesays.com\/pt\/wp-json\/wp\/v2\/posts\/42619\/revisions"}],"wp:featuredmedia":[{"embeddable":true,"href":"https:\/\/www.europesays.com\/pt\/wp-json\/wp\/v2\/media\/42620"}],"wp:attachment":[{"href":"https:\/\/www.europesays.com\/pt\/wp-json\/wp\/v2\/media?parent=42619"}],"wp:term":[{"taxonomy":"category","embeddable":true,"href":"https:\/\/www.europesays.com\/pt\/wp-json\/wp\/v2\/categories?post=42619"},{"taxonomy":"post_tag","embeddable":true,"href":"https:\/\/www.europesays.com\/pt\/wp-json\/wp\/v2\/tags?post=42619"}],"curies":[{"name":"wp","href":"https:\/\/api.w.org\/{rel}","templated":true}]}}