{"id":42621,"date":"2025-08-24T09:04:12","date_gmt":"2025-08-24T09:04:12","guid":{"rendered":"https:\/\/www.europesays.com\/pt\/42621\/"},"modified":"2025-08-24T09:04:12","modified_gmt":"2025-08-24T09:04:12","slug":"jose-loreto-renova-bronzeado-e-curte-dia-de-praia-em-guaruja","status":"publish","type":"post","link":"https:\/\/www.europesays.com\/pt\/42621\/","title":{"rendered":"Jos\u00e9 Loreto renova bronzeado e curte dia de praia em Guaruj\u00e1"},"content":{"rendered":"<p><img decoding=\"async\" fetchpriority=\"high\" src=\"https:\/\/www.europesays.com\/pt\/wp-content\/uploads\/2025\/08\/1ss7hd00qntmiq0doewqf14yj.jpg\" width=\"906\" height=\"509\" alt=\"Jos\u00e9 Loreto na praia do Tombo, em Guaruj\u00e1 \" title=\"Jos\u00e9 Loreto na praia do Tombo, em Guaruj\u00e1 \"\/>Foto: Karina Diegues<\/p>\n<p>Jos\u00e9 Loreto na praia do Tombo, em Guaruj\u00e1<\/p>\n<p class=\"\"><strong>Jos\u00e9 Loreto,<\/strong> de 40 anos, aproveitou a folga nas grava\u00e7\u00f5es do novo longa-metragem protagonizado por ele para curtir momentos de lazer e descanso no litoral paulista, na praia do Tombo, em\u00a0 <a href=\"https:\/\/ultimosegundo.ig.com.br\/brasil\/2025-04-18\/video--guarda-vidas-resgatam-familia-em-praia-do-guaruja.html\" target=\"_blank\" rel=\"noopener nofollow\" data-mce-href=\"https:\/\/ultimosegundo.ig.com.br\/brasil\/2025-04-18\/video--guarda-vidas-resgatam-familia-em-praia-do-guaruja.html\" data-mce->Guaruj\u00e1.<\/a><\/p>\n<p class=\"\">O ator, conhecido pela trajet\u00f3ria em novelas da Rede Globo, resolveu renovar o bronzeado neste s\u00e1bado (23). Na ocasi\u00e3o, ele estava trajado com um short de listras. O int\u00e9rprete tamb\u00e9m usava pulseiras em um dos bra\u00e7os.<\/p>\n<p class=\"\">Nos cliques obtidos pelo\u00a0 <a href=\"https:\/\/gente.ig.com.br\/\" target=\"_blank\" rel=\"noopener nofollow\" data-mce-href=\"https:\/\/gente.ig.com.br\/\" data-mce->iG Gente,<\/a> ele ainda apareceu com uma mulher ruiva. Em uma das fotos, eles surgem abra\u00e7ados. Em outra, est\u00e3o de m\u00e3os dadas. H\u00e1 ainda uma terceira foto na qual eles aparecem mergulhando juntos.\u00a0<\/p>\n<p class=\"\">Loreto est\u00e1 em ritmo acelerado de grava\u00e7\u00f5es. O novo projeto do artista \u00e9 &#8220;Se n\u00e3o eu, quem vai fazer voc\u00ea feliz?\u201d. A cinebiografia \u00e9 baseada no livro escrito por <strong>Graziella Gon\u00e7alves,<\/strong> vi\u00fava do m\u00fasico\u00a0 <a href=\"https:\/\/gente.ig.com.br\/celebridades\/2025-06-10\/sonia-abrao-critica-jose-loreto-como-chorao-em-filme-biografico.html\" target=\"_blank\" rel=\"noopener nofollow\" data-mce-href=\"https:\/\/gente.ig.com.br\/celebridades\/2025-06-10\/sonia-abrao-critica-jose-loreto-como-chorao-em-filme-biografico.html\" data-mce->Chor\u00e3o, que morreu em mar\u00e7o de 2013.<\/a><\/p>\n<p class=\"\">Segundo um laudo do Instituto M\u00e9dico Legal (IML), divulgado \u00e0 \u00e9poca,\u00a0 <strong>Chor\u00e3o,<\/strong> de 42 anos, faleceu depois de uma overdose de coca\u00edna, agravada por problemas card\u00edacos anteriores.<\/p>\n<p class=\"\">No filme, <strong>Jos\u00e9<\/strong> interpretar\u00e1 o cantor. \u201cEstou vivendo um sonho de viver uma vida que foi feita de sonhos\u2026 Obrigado Chor\u00e3o&#8221;, celebrou ele ap\u00f3s ser escalado para vivenciar o musicista nas telonas.<\/p>\n<p>O longa-metragem ser\u00e1 produzido pela Bravura Cinematogr\u00e1fico. <strong>Hugo Prata<\/strong> e <strong>Felipe Novaes<\/strong> assumem a dire\u00e7\u00e3o. J\u00e1 <strong>Duda de Almeida<\/strong> fica respons\u00e1vel pelo roteiro.<\/p>\n<p>Retorno \u00e0s telinhas<\/p>\n<p class=\"\">Em agosto, <strong>Jos\u00e9 Loreto<\/strong> fez uma breve participa\u00e7\u00e3o no atual folhetim das sete &#8220;Dona de Mim&#8221;. Ele reencarnou\u00a0 <a href=\"https:\/\/gente.ig.com.br\/tvenovela\/2025-07-31\/jose-loreto-revive-lui-lorenzo-em-dona-de-mim---ressuscitando-.html\" target=\"_blank\" rel=\"noopener nofollow\" data-mce-href=\"https:\/\/gente.ig.com.br\/tvenovela\/2025-07-31\/jose-loreto-revive-lui-lorenzo-em-dona-de-mim---ressuscitando-.html\" data-mce->Lui Lorenzo, personagem criado para a novela &#8220;Vai na F\u00e9&#8221; (2023).<\/a> Ambas as tramas foram escritas pela novelista <strong>Rosane Svartman.<\/strong><\/p>\n<p>Leia mais<\/p>\n","protected":false},"excerpt":{"rendered":"Foto: Karina Diegues Jos\u00e9 Loreto na praia do Tombo, em Guaruj\u00e1 Jos\u00e9 Loreto, de 40 anos, aproveitou a&hellip;\n","protected":false},"author":2,"featured_media":42622,"comment_status":"","ping_status":"","sticky":false,"template":"","format":"standard","meta":{"footnotes":""},"categories":[145],"tags":[211,210,114,115,13040,13039,13038,32,33],"class_list":{"0":"post-42621","1":"post","2":"type-post","3":"status-publish","4":"format-standard","5":"has-post-thumbnail","7":"category-celebridades","8":"tag-celebridades","9":"tag-celebrities","10":"tag-entertainment","11":"tag-entretenimento","12":"tag-guaruja","13":"tag-jose-loreto","14":"tag-pausa-nas-gravacoes","15":"tag-portugal","16":"tag-pt"},"share_on_mastodon":{"url":"","error":""},"_links":{"self":[{"href":"https:\/\/www.europesays.com\/pt\/wp-json\/wp\/v2\/posts\/42621","targetHints":{"allow":["GET"]}}],"collection":[{"href":"https:\/\/www.europesays.com\/pt\/wp-json\/wp\/v2\/posts"}],"about":[{"href":"https:\/\/www.europesays.com\/pt\/wp-json\/wp\/v2\/types\/post"}],"author":[{"embeddable":true,"href":"https:\/\/www.europesays.com\/pt\/wp-json\/wp\/v2\/users\/2"}],"replies":[{"embeddable":true,"href":"https:\/\/www.europesays.com\/pt\/wp-json\/wp\/v2\/comments?post=42621"}],"version-history":[{"count":0,"href":"https:\/\/www.europesays.com\/pt\/wp-json\/wp\/v2\/posts\/42621\/revisions"}],"wp:featuredmedia":[{"embeddable":true,"href":"https:\/\/www.europesays.com\/pt\/wp-json\/wp\/v2\/media\/42622"}],"wp:attachment":[{"href":"https:\/\/www.europesays.com\/pt\/wp-json\/wp\/v2\/media?parent=42621"}],"wp:term":[{"taxonomy":"category","embeddable":true,"href":"https:\/\/www.europesays.com\/pt\/wp-json\/wp\/v2\/categories?post=42621"},{"taxonomy":"post_tag","embeddable":true,"href":"https:\/\/www.europesays.com\/pt\/wp-json\/wp\/v2\/tags?post=42621"}],"curies":[{"name":"wp","href":"https:\/\/api.w.org\/{rel}","templated":true}]}}