{"id":426444,"date":"2026-06-22T07:29:17","date_gmt":"2026-06-22T07:29:17","guid":{"rendered":"https:\/\/www.europesays.com\/pt\/426444\/"},"modified":"2026-06-22T07:29:17","modified_gmt":"2026-06-22T07:29:17","slug":"ana-duarte-abre-o-coracao-e-revela-pormenores-sobre-a-separacao-e-reconciliacao-secret-story","status":"publish","type":"post","link":"https:\/\/www.europesays.com\/pt\/426444\/","title":{"rendered":"Ana Duarte abre o cora\u00e7\u00e3o e revela pormenores sobre a separa\u00e7\u00e3o e reconcilia\u00e7\u00e3o &#8211; Secret Story"},"content":{"rendered":"<p>Depois de ter vivido uma experi\u00eancia intensa no <strong>Big Brother Ver\u00e3o<\/strong>, <strong>Ana Duarte<\/strong> encontra-se a desfrutar de uma fase de grande estabilidade e felicidade ao lado de <strong>Diogo Barosa<\/strong>.<\/p>\n<p>A cantora e o companheiro decidiram dar uma nova oportunidade \u00e0 rela\u00e7\u00e3o, depois de uma separa\u00e7\u00e3o que aconteceu antes da entrada da artista no reality show da TVI. Agora, o casal vive um momento de renovada cumplicidade.<\/p>\n<p>Em conversa exclusiva com a SELFIE,<strong> <a href=\"https:\/\/tvi.iol.pt\/secretstory\/ana-duarte\/premios-play-da-musica-portuguesa\/musica-iconica-de-ana-duarte-nomeada-para-premio-importante\" rel=\"nofollow noopener\" target=\"_blank\">Ana Duarte <\/a><\/strong><a href=\"https:\/\/tvi.iol.pt\/secretstory\/ana-duarte\/premios-play-da-musica-portuguesa\/musica-iconica-de-ana-duarte-nomeada-para-premio-importante\" rel=\"nofollow noopener\" target=\"_blank\">revelou como se sente nesta nova etapa<\/a>.<strong> \u00abMais feliz e mais tranquila\u00bb<\/strong>, a cantora diz que os dois est\u00e3o \u00abmais apaixonados, ao fim de 11 anos\u00bb de amor.<\/p>\n<p>A artista aproveitou ainda para refletir sobre o per\u00edodo que levou ao afastamento.<strong> \u00abN\u00e3o \u00e9 que n\u00e3o nos am\u00e1ssemos, porque n\u00f3s nunca deixamos de nos amar. H\u00e1 uma coisa importante: se n\u00e3o gostares de ti, n\u00e3o vais gostar de mais ningu\u00e9m<\/strong>. E acho que, na altura, faltava-me isso. N\u00e3o era n\u00e3o gostar de mim, mas havia qualquer coisa ali&#8230; Ou seja, n\u00e3o vou conseguir dar esse amor \u00e0 pessoa que est\u00e1 ao meu lado. E hoje, como estou t\u00e3o bem resolvida comigo e gosto tanto de mim, isso reflete-se\u00bb.<\/p>\n<p>Ana Duarte sublinha que os sentimentos nunca desapareceram e acredita que esta reconcilia\u00e7\u00e3o permitiu trazer de volta uma liga\u00e7\u00e3o que apenas estava adormecida. Como a pr\u00f3pria descreve, trata-se de <strong>\u00abum reacender da chama\u00bb.<\/strong><\/p>\n<p><strong>\u00abHoje em dia, acordamos, olhamos um para outro e dizemos: \u2018Meu Deus, como nos amamos tanto?\u2019. Ou seja, ele estava l\u00e1. S\u00f3 estava um bocadinho adormecido<\/strong>\u00bb, admitiu.<\/p>\n","protected":false},"excerpt":{"rendered":"Depois de ter vivido uma experi\u00eancia intensa no Big Brother Ver\u00e3o, Ana Duarte encontra-se a desfrutar de uma&hellip;\n","protected":false},"author":2,"featured_media":426445,"comment_status":"","ping_status":"","sticky":false,"template":"","format":"standard","meta":{"footnotes":"","_share_on_mastodon":"0"},"categories":[142],"tags":[340,18706,33635,114,115,18705,32,33,1412,1509,151,18704],"class_list":["post-426444","post","type-post","status-publish","format-standard","has-post-thumbnail","category-tv","tag-ana-duarte","tag-bastidores-secret-story","tag-diogo-barosa","tag-entertainment","tag-entretenimento","tag-entrevistas-concorrentes-tvi","tag-portugal","tag-pt","tag-reconciliacao","tag-separacao","tag-tv","tag-vida-fora-da-casa"],"share_on_mastodon":{"url":"https:\/\/pubeurope.com\/@pt\/116792587829112816","error":""},"_links":{"self":[{"href":"https:\/\/www.europesays.com\/pt\/wp-json\/wp\/v2\/posts\/426444","targetHints":{"allow":["GET"]}}],"collection":[{"href":"https:\/\/www.europesays.com\/pt\/wp-json\/wp\/v2\/posts"}],"about":[{"href":"https:\/\/www.europesays.com\/pt\/wp-json\/wp\/v2\/types\/post"}],"author":[{"embeddable":true,"href":"https:\/\/www.europesays.com\/pt\/wp-json\/wp\/v2\/users\/2"}],"replies":[{"embeddable":true,"href":"https:\/\/www.europesays.com\/pt\/wp-json\/wp\/v2\/comments?post=426444"}],"version-history":[{"count":0,"href":"https:\/\/www.europesays.com\/pt\/wp-json\/wp\/v2\/posts\/426444\/revisions"}],"wp:featuredmedia":[{"embeddable":true,"href":"https:\/\/www.europesays.com\/pt\/wp-json\/wp\/v2\/media\/426445"}],"wp:attachment":[{"href":"https:\/\/www.europesays.com\/pt\/wp-json\/wp\/v2\/media?parent=426444"}],"wp:term":[{"taxonomy":"category","embeddable":true,"href":"https:\/\/www.europesays.com\/pt\/wp-json\/wp\/v2\/categories?post=426444"},{"taxonomy":"post_tag","embeddable":true,"href":"https:\/\/www.europesays.com\/pt\/wp-json\/wp\/v2\/tags?post=426444"}],"curies":[{"name":"wp","href":"https:\/\/api.w.org\/{rel}","templated":true}]}}