{"id":42666,"date":"2025-08-24T10:01:11","date_gmt":"2025-08-24T10:01:11","guid":{"rendered":"https:\/\/www.europesays.com\/pt\/42666\/"},"modified":"2025-08-24T10:01:11","modified_gmt":"2025-08-24T10:01:11","slug":"documentario-mostra-disrupcoes-e-ousadias-da-cantora","status":"publish","type":"post","link":"https:\/\/www.europesays.com\/pt\/42666\/","title":{"rendered":"document\u00e1rio mostra disrup\u00e7\u00f5es e ousadias da cantora"},"content":{"rendered":"<p class=\"bullet mt-0\" data-v-232111b4=\"\"><strong>Superf\u00e3 da cantora, Carr foi a \u00fanica respons\u00e1vel pela pesquisa de arquivo, que demorou um ano.<\/strong> Ela passou horas e horas escutando entrevistas de Madonna e vasculhando v\u00eddeos para encontrar &#8220;p\u00e9rolas&#8221; da cantora. A produtora tamb\u00e9m contatou v\u00e1rios jornalistas e f\u00e3s para obter arquivos, fitas de entrevistas e grava\u00e7\u00f5es raras ou nunca antes reveladas.<\/p>\n<p class=\"bullet\" data-v-232111b4=\"\">Conseguimos clipes de Madonna de quando ela estava dan\u00e7ando na faculdade, fazendo bal\u00e9. Dois deles eu j\u00e1 conhecia, mas outro consegui falando com um professor que estudou com ela na faculdade. Eu disse: &#8216;Oi, voc\u00ea pode procurar essa grava\u00e7\u00e3o? Acha que pode t\u00ea-la? Continue tentando encontrar&#8217;. Eu n\u00e3o desisti s\u00f3 consegui uma semana antes de terminarmos o filme. Esse \u00e9 o v\u00eddeo mais raro e talvez ningu\u00e9m perceba, porque \u00e9 muito curto. <strong>Helen Carr<\/strong><\/p>\n<p class=\"bullet\" data-v-232111b4=\"\"><strong>O desafio era conseguir retratar a vida de Madonna apenas por meio de arquivos, sem narra\u00e7\u00e3o ou novas entrevistas.<\/strong> &#8220;Se Madonna nunca falou sobre um assunto em uma entrevista em \u00e1udio, n\u00e3o poder\u00edamos incluir isso no filme. Ela quase influencia o que est\u00e1 ali. Mas acredito que isso \u00e9 uma b\u00ean\u00e7\u00e3o, porque ela fala sobre esses assuntos na \u00e9poca em que eles aconteceram&#8221;, diz Carr.<\/p>\n<p class=\"bullet\" data-v-232111b4=\"\"><strong>O document\u00e1rio d\u00e1 \u00eanfase \u00e0s disrup\u00e7\u00f5es de Madonna, como a defesa da liberdade sexual.<\/strong> As cenas mostram desde uma Madonna muito jovem, mas muito confiante no seu talento e sucesso, a uma Madonna mais ousada, que causou frisson e levantou discuss\u00f5es com a apresenta\u00e7\u00e3o de &#8220;Like a Virgin&#8221; no VMA, o clipe de &#8220;Like a Prayer&#8221; e o lan\u00e7amento do livro &#8220;Sex&#8221;.<\/p>\n<p class=\"bullet\" data-v-232111b4=\"\">Madonna tem confian\u00e7a. Ela tem uma atitude de que voc\u00ea n\u00e3o precisa de permiss\u00e3o, n\u00e3o precisa procurar um homem para um &#8216;sim&#8217; ou &#8216;n\u00e3o&#8217;. Em certo momento, ela trabalhou com um time totalmente feminino, isso \u00e9 muito poderoso. A m\u00fasica dela \u00e9 sexy e \u00e9 progressista para as mulheres. E o que \u00e9 muito \u00fanico \u00e9 que ela \u00e9 magn\u00edfica, poderosa, e h\u00e1 um qu\u00ea de masculinidade ali tamb\u00e9m. \u00c9 muito interessante. <strong>Michael Ogden<\/strong><\/p>\n<p><img decoding=\"async\" src=\"https:\/\/www.europesays.com\/pt\/wp-content\/uploads\/2025\/08\/1756029671_654_sddefault.jpg\" alt=\"\"\/><\/p>\n","protected":false},"excerpt":{"rendered":"Superf\u00e3 da cantora, Carr foi a \u00fanica respons\u00e1vel pela pesquisa de arquivo, que demorou um ano. Ela passou&hellip;\n","protected":false},"author":2,"featured_media":42667,"comment_status":"","ping_status":"","sticky":false,"template":"","format":"standard","meta":{"footnotes":""},"categories":[145],"tags":[211,210,114,115,32,33],"class_list":{"0":"post-42666","1":"post","2":"type-post","3":"status-publish","4":"format-standard","5":"has-post-thumbnail","7":"category-celebridades","8":"tag-celebridades","9":"tag-celebrities","10":"tag-entertainment","11":"tag-entretenimento","12":"tag-portugal","13":"tag-pt"},"share_on_mastodon":{"url":"","error":""},"_links":{"self":[{"href":"https:\/\/www.europesays.com\/pt\/wp-json\/wp\/v2\/posts\/42666","targetHints":{"allow":["GET"]}}],"collection":[{"href":"https:\/\/www.europesays.com\/pt\/wp-json\/wp\/v2\/posts"}],"about":[{"href":"https:\/\/www.europesays.com\/pt\/wp-json\/wp\/v2\/types\/post"}],"author":[{"embeddable":true,"href":"https:\/\/www.europesays.com\/pt\/wp-json\/wp\/v2\/users\/2"}],"replies":[{"embeddable":true,"href":"https:\/\/www.europesays.com\/pt\/wp-json\/wp\/v2\/comments?post=42666"}],"version-history":[{"count":0,"href":"https:\/\/www.europesays.com\/pt\/wp-json\/wp\/v2\/posts\/42666\/revisions"}],"wp:featuredmedia":[{"embeddable":true,"href":"https:\/\/www.europesays.com\/pt\/wp-json\/wp\/v2\/media\/42667"}],"wp:attachment":[{"href":"https:\/\/www.europesays.com\/pt\/wp-json\/wp\/v2\/media?parent=42666"}],"wp:term":[{"taxonomy":"category","embeddable":true,"href":"https:\/\/www.europesays.com\/pt\/wp-json\/wp\/v2\/categories?post=42666"},{"taxonomy":"post_tag","embeddable":true,"href":"https:\/\/www.europesays.com\/pt\/wp-json\/wp\/v2\/tags?post=42666"}],"curies":[{"name":"wp","href":"https:\/\/api.w.org\/{rel}","templated":true}]}}