{"id":426790,"date":"2026-06-22T13:42:12","date_gmt":"2026-06-22T13:42:12","guid":{"rendered":"https:\/\/www.europesays.com\/pt\/426790\/"},"modified":"2026-06-22T13:42:12","modified_gmt":"2026-06-22T13:42:12","slug":"protecao-reforcada-o-calendario-de-vacinacao-para-idosos-em-2026","status":"publish","type":"post","link":"https:\/\/www.europesays.com\/pt\/426790\/","title":{"rendered":"Prote\u00e7\u00e3o refor\u00e7ada: o calend\u00e1rio de vacina\u00e7\u00e3o para idosos em 2026"},"content":{"rendered":"<p>A longevidade \u00e9 uma conquista da sociedade moderna, mas com ela v\u00eam desafios espec\u00edficos para a sa\u00fade. Entre os mais cruciais est\u00e1 a manuten\u00e7\u00e3o de um sistema imunol\u00f3gico robusto, especialmente para a popula\u00e7\u00e3o idosa. Em <b>2026<\/b>, o calend\u00e1rio de vacina\u00e7\u00e3o para idosos se mant\u00e9m como uma ferramenta indispens\u00e1vel na preven\u00e7\u00e3o de doen\u00e7as infecciosas, garantindo mais qualidade de vida e autonomia para quem j\u00e1 passou dos 60 anos.<\/p>\n<p>As vacinas recomendadas, que incluem a da gripe, a pneumoc\u00f3cica e a do v\u00edrus sincicial respirat\u00f3rio, s\u00e3o barreiras essenciais contra infec\u00e7\u00f5es e suas complica\u00e7\u00f5es. A import\u00e2ncia da imuniza\u00e7\u00e3o para o <b>idoso<\/b> \u00e9 amplamente reconhecida, uma vez que o envelhecimento natural do corpo acarreta uma diminui\u00e7\u00e3o da capacidade do sistema imunol\u00f3gico de combater agentes infecciosos. Esse processo, conhecido como imunossenesc\u00eancia, eleva significativamente o risco de contrair doen\u00e7as, em particular aquelas que afetam o sistema respirat\u00f3rio.<\/p>\n<p>A imuniza\u00e7\u00e3o como pilar da sa\u00fade na terceira idade<\/p>\n<p>O avan\u00e7o da idade traz consigo uma s\u00e9rie de mudan\u00e7as fisiol\u00f3gicas, e a resposta imune \u00e9 uma das mais impactadas. Com um sistema de defesa mais fragilizado, os idosos tornam-se mais suscet\u00edveis a infec\u00e7\u00f5es que, em outras faixas et\u00e1rias, poderiam ser consideradas leves. Para eles, uma simples gripe pode evoluir para uma pneumonia grave, resultando em hospitaliza\u00e7\u00f5es prolongadas e, em casos extremos, desfechos fatais. A vacina\u00e7\u00e3o atua diretamente nesse cen\u00e1rio, fortalecendo as defesas do organismo e preparando-o para reconhecer e combater pat\u00f3genos antes que causem danos severos.<\/p>\n<p>Manter o calend\u00e1rio de vacina\u00e7\u00e3o atualizado n\u00e3o \u00e9 apenas uma medida individual de sa\u00fade, mas tamb\u00e9m um ato de responsabilidade coletiva. Ao se vacinar, o idoso n\u00e3o s\u00f3 se protege, como tamb\u00e9m contribui para a redu\u00e7\u00e3o da circula\u00e7\u00e3o de v\u00edrus e bact\u00e9rias na comunidade, protegendo indiretamente aqueles que n\u00e3o podem ser vacinados ou que possuem imunidade comprometida. \u00c9 um ciclo virtuoso que refor\u00e7a a sa\u00fade p\u00fablica e o bem-estar social.<\/p>\n<p>Calend\u00e1rio de vacina\u00e7\u00e3o para idosos em 2026: prote\u00e7\u00e3o abrangente<\/p>\n<p>As diretrizes da Sociedade Brasileira de Imuniza\u00e7\u00f5es (SBIm) e do Minist\u00e9rio da Sa\u00fade s\u00e3o claras quanto \u00e0 necessidade de um esquema vacinal completo para a popula\u00e7\u00e3o idosa. Em <b>2026<\/b>, as principais vacinas recomendadas abrangem um espectro amplo de prote\u00e7\u00e3o, visando as doen\u00e7as mais prevalentes e perigosas para essa faixa et\u00e1ria. Entre elas, destacam-se:<\/p>\n<ul>\n<li>Gripe (Influenza);<\/li>\n<li>Pneumonia pneumoc\u00f3cica;<\/li>\n<li>Herpes z\u00f3ster;<\/li>\n<li>Hepatite B;<\/li>\n<li>Febre amarela;<\/li>\n<li>Difteria, t\u00e9tano e coqueluche (dTpa ou dT);<\/li>\n<li>V\u00edrus sincicial respirat\u00f3rio (VSR);<\/li>\n<li>COVID-19.<\/li>\n<\/ul>\n<p>\u00c9 fundamental que os idosos e seus cuidadores estejam atentos \u00e0s campanhas de vacina\u00e7\u00e3o promovidas pelo governo, especialmente as anuais contra a gripe, que s\u00e3o cruciais para mitigar os riscos associados ao avan\u00e7o da idade. Al\u00e9m das vacinas de rotina, existem outras que podem ser indicadas em situa\u00e7\u00f5es espec\u00edficas, como surtos epidemiol\u00f3gicos ou condi\u00e7\u00f5es de risco aumentado, incluindo as vacinas para hepatite A, hepatite A e B combinadas, meningoc\u00f3cica conjugada e tr\u00edplice viral.<\/p>\n<p>Vacinas de rotina: detalhes e particularidades para o idoso<br \/>\n1. Vacina contra a gripe<\/p>\n<p>A vacina contra a gripe \u00e9 uma das mais importantes e deve ser administrada anualmente. Ela protege contra a infec\u00e7\u00e3o respirat\u00f3ria causada por diferentes tipos do v\u00edrus Influenza, que sofre muta\u00e7\u00f5es constantes. A imuniza\u00e7\u00e3o reduz drasticamente o risco de complica\u00e7\u00f5es graves, como a pneumonia, que pode ser fatal para idosos. A dose \u00e9 geralmente recomendada a partir dos 60 anos, preferencialmente antes do in\u00edcio do outono. Pessoas com hist\u00f3rico de rea\u00e7\u00e3o anafil\u00e1tica ou alergia a componentes da vacina, como ovo ou l\u00e1tex, devem consultar um m\u00e9dico. Em casos de doen\u00e7a febril aguda moderada, a vacina\u00e7\u00e3o deve ser adiada.<\/p>\n<p>2. Vacina contra t\u00e9tano e difteria<\/p>\n<p>Conhecida como vacina dupla viral (dT), esta imuniza\u00e7\u00e3o oferece prote\u00e7\u00e3o contra o t\u00e9tano, uma doen\u00e7a infecciosa grave que pode ser letal, e a difteria, uma infec\u00e7\u00e3o altamente contagiosa. Para idosos que foram vacinados corretamente na inf\u00e2ncia, um refor\u00e7o \u00e9 necess\u00e1rio a cada 10 anos. Aqueles sem hist\u00f3rico vacinal ou registro devem seguir um esquema de tr\u00eas doses, com intervalos de dois meses entre cada uma, e ent\u00e3o realizar refor\u00e7os decenais. Contraindica\u00e7\u00f5es incluem rea\u00e7\u00f5es anafil\u00e1ticas anteriores, encefalopatia ou epilepsia, e deve ser adiada em casos de doen\u00e7as da coagula\u00e7\u00e3o ou febre aguda. A vacina dT est\u00e1 dispon\u00edvel gratuitamente nos postos de sa\u00fade, enquanto a tr\u00edplice bacteriana do adulto (dTpa), que tamb\u00e9m protege contra a coqueluche, \u00e9 encontrada em cl\u00ednicas particulares.<\/p>\n<p>3. Vacina contra hepatite B<\/p>\n<p>A vacina contra a hepatite B \u00e9 indicada para idosos que nunca receberam ou n\u00e3o possuem registro de imuniza\u00e7\u00e3o. O esquema vacinal consiste em tr\u00eas doses: a segunda dose \u00e9 administrada um m\u00eas ap\u00f3s a primeira, e a terceira, seis meses ap\u00f3s a primeira (esquema 0-1-6). Alergia aos componentes da vacina ou desenvolvimento de p\u00farpura trombocitop\u00eanica idiop\u00e1tica ap\u00f3s a primeira dose s\u00e3o contraindica\u00e7\u00f5es. A vacina\u00e7\u00e3o deve ser adiada em caso de doen\u00e7a febril aguda ou altera\u00e7\u00f5es da coagula\u00e7\u00e3o sangu\u00ednea, se a aplica\u00e7\u00e3o for intramuscular. Esta vacina \u00e9 oferecida gratuitamente pelo SUS. H\u00e1 tamb\u00e9m a op\u00e7\u00e3o combinada com a vacina contra hepatite A, dispon\u00edvel em cl\u00ednicas privadas.<\/p>\n<p>4. Vacina pneumoc\u00f3cica<\/p>\n<p>Existem diferentes tipos de vacinas pneumoc\u00f3cicas para idosos, como a Polissacar\u00eddica 23-valente (VPP23), a conjugada 13-valente (VPC13), a VPC15 ou a VPC20. A escolha e o esquema devem ser definidos pelo m\u00e9dico. Geralmente, a VPC20 \u00e9 administrada em dose \u00fanica. Outra op\u00e7\u00e3o \u00e9 iniciar com VPC15 ou VPC13, seguida de uma dose de VPP23 entre seis a 12 meses depois, e uma segunda dose de VPP23 cinco anos ap\u00f3s a primeira. Contraindica\u00e7\u00f5es incluem anafilaxia a componentes ou a doses anteriores, e a vacina\u00e7\u00e3o deve ser adiada em caso de febre ou altera\u00e7\u00f5es da coagula\u00e7\u00e3o sangu\u00ednea. A vacina pneumoc\u00f3cica previne infec\u00e7\u00f5es causadas pela bact\u00e9ria Streptococcus pneumoniae, como pneumonia, meningite bacteriana e infec\u00e7\u00e3o generalizada. As vacinas VPC13, pneumo 20 e VPP23 s\u00e3o disponibilizadas pelo SUS, especialmente para idosos em casas de repouso ou com risco aumentado de pneumonia e meningite bacteriana. A pneumo 15 \u00e9 encontrada em cl\u00ednicas privadas.<\/p>\n<p>5. Vacina contra COVID-19<\/p>\n<p>A vacina contra a COVID-19 \u00e9 fundamental para todos os idosos, fazendo parte do calend\u00e1rio de vacina\u00e7\u00e3o. As vacinas dispon\u00edveis, como Moderna (Spikevax), Pfizer (Comirnaty) e Serum\/Zalika, s\u00e3o indicadas para essa faixa et\u00e1ria. Recomenda-se tomar duas doses anuais, com intervalo de seis meses entre cada uma. Contraindica\u00e7\u00f5es incluem alergia a qualquer componente da vacina, trombose venosa\/arterial e plaquetopenia ap\u00f3s a primeira dose, febre ou problemas respirat\u00f3rios, dependendo do tipo de vacina. A imuniza\u00e7\u00e3o contra a COVID-19 \u00e9 crucial para reduzir a gravidade da infec\u00e7\u00e3o, o risco de hospitaliza\u00e7\u00e3o e as complica\u00e7\u00f5es que podem ser fatais. Esta vacina \u00e9 parte do Calend\u00e1rio Nacional de Vacina\u00e7\u00e3o e \u00e9 disponibilizada gratuitamente pelo SUS em postos de sa\u00fade.<\/p>\n<p>Para mais informa\u00e7\u00f5es sobre como se proteger de doen\u00e7as infecciosas, <a href=\"https:\/\/www.tuasaude.com\/como-evitar-doencas-infecciosas\/\" target=\"_blank\" rel=\"noopener nofollow\">clique aqui<\/a>.<\/p>\n<p>Acesso e import\u00e2ncia das campanhas de vacina\u00e7\u00e3o<\/p>\n<p>A disponibilidade de vacinas atrav\u00e9s do Sistema \u00danico de Sa\u00fade (SUS) \u00e9 um pilar fundamental para garantir que todos os idosos tenham acesso \u00e0 prote\u00e7\u00e3o necess\u00e1ria, independentemente de sua condi\u00e7\u00e3o socioecon\u00f4mica. As campanhas anuais, como a da gripe, s\u00e3o momentos cruciais para mobilizar a popula\u00e7\u00e3o e garantir altas taxas de cobertura vacinal. \u00c9 essencial que a sociedade compreenda que a vacina\u00e7\u00e3o n\u00e3o \u00e9 apenas uma medida preventiva individual, mas uma estrat\u00e9gia de sa\u00fade p\u00fablica que beneficia a todos, reduzindo a press\u00e3o sobre os sistemas de sa\u00fade e protegendo os mais vulner\u00e1veis.<\/p>\n<p>Acompanhar as informa\u00e7\u00f5es divulgadas pelos \u00f3rg\u00e3os de sa\u00fade e participar ativamente das campanhas \u00e9 um compromisso com a pr\u00f3pria sa\u00fade e com a coletividade. A preven\u00e7\u00e3o \u00e9 sempre o melhor caminho, e as vacinas representam um dos avan\u00e7os mais significativos da medicina moderna na luta contra as doen\u00e7as infecciosas.<\/p>\n<p>Para se manter sempre atualizado sobre sa\u00fade, bem-estar e as \u00faltimas not\u00edcias que impactam a sua vida, continue acompanhando o Fato Paulista. Nosso compromisso \u00e9 trazer informa\u00e7\u00e3o relevante, contextualizada e de qualidade para voc\u00ea e sua fam\u00edlia.<\/p>\n","protected":false},"excerpt":{"rendered":"A longevidade \u00e9 uma conquista da sociedade moderna, mas com ela v\u00eam desafios espec\u00edficos para a sa\u00fade. Entre&hellip;\n","protected":false},"author":2,"featured_media":426791,"comment_status":"","ping_status":"","sticky":false,"template":"","format":"standard","meta":{"footnotes":"","_share_on_mastodon":"0"},"categories":[86],"tags":[11569,1418,116,3445,1491,3130,2879,32,1461,33,117,59783,1333],"class_list":["post-426790","post","type-post","status-publish","format-standard","has-post-thumbnail","category-saude","tag-covid","tag-gripe","tag-health","tag-hepatite","tag-idoso","tag-imunizacao","tag-pneumonia","tag-portugal","tag-prevencao","tag-pt","tag-saude","tag-tetano","tag-vacina"],"share_on_mastodon":{"url":"https:\/\/pubeurope.com\/@pt\/116794054822943951","error":""},"_links":{"self":[{"href":"https:\/\/www.europesays.com\/pt\/wp-json\/wp\/v2\/posts\/426790","targetHints":{"allow":["GET"]}}],"collection":[{"href":"https:\/\/www.europesays.com\/pt\/wp-json\/wp\/v2\/posts"}],"about":[{"href":"https:\/\/www.europesays.com\/pt\/wp-json\/wp\/v2\/types\/post"}],"author":[{"embeddable":true,"href":"https:\/\/www.europesays.com\/pt\/wp-json\/wp\/v2\/users\/2"}],"replies":[{"embeddable":true,"href":"https:\/\/www.europesays.com\/pt\/wp-json\/wp\/v2\/comments?post=426790"}],"version-history":[{"count":0,"href":"https:\/\/www.europesays.com\/pt\/wp-json\/wp\/v2\/posts\/426790\/revisions"}],"wp:featuredmedia":[{"embeddable":true,"href":"https:\/\/www.europesays.com\/pt\/wp-json\/wp\/v2\/media\/426791"}],"wp:attachment":[{"href":"https:\/\/www.europesays.com\/pt\/wp-json\/wp\/v2\/media?parent=426790"}],"wp:term":[{"taxonomy":"category","embeddable":true,"href":"https:\/\/www.europesays.com\/pt\/wp-json\/wp\/v2\/categories?post=426790"},{"taxonomy":"post_tag","embeddable":true,"href":"https:\/\/www.europesays.com\/pt\/wp-json\/wp\/v2\/tags?post=426790"}],"curies":[{"name":"wp","href":"https:\/\/api.w.org\/{rel}","templated":true}]}}