{"id":426800,"date":"2026-06-22T13:51:11","date_gmt":"2026-06-22T13:51:11","guid":{"rendered":"https:\/\/www.europesays.com\/pt\/426800\/"},"modified":"2026-06-22T13:51:11","modified_gmt":"2026-06-22T13:51:11","slug":"cnn-portugal-summit-air-invictus-o-futuro-da-aviacao-e-da-defesa","status":"publish","type":"post","link":"https:\/\/www.europesays.com\/pt\/426800\/","title":{"rendered":"CNN Portugal Summit | Air Invictus: o futuro da avia\u00e7\u00e3o e da defesa"},"content":{"rendered":"<p>O secret\u00e1rio de Estado das Infraestruturas remata a cimeira com a garantia de que Portugal &#8220;n\u00e3o \u00e9 pequeno&#8221; e s\u00f3 o \u00e9 &#8220;se quiser&#8221;.<\/p>\n<p>&#8220;Somos grandes, temos de nos assumir como l\u00edder neste setor. Precisamos de mais resili\u00eancia, mais tecnologia, mais inova\u00e7\u00e3o&#8221;, sublinha.<\/p>\n<p>&#8220;E mais do que falar de uma vis\u00e3o, precisamos de execu\u00e7\u00e3o&#8221;, conclui Hugo Esp\u00edrito Santo.<\/p>\n","protected":false},"excerpt":{"rendered":"O secret\u00e1rio de Estado das Infraestruturas remata a cimeira com a garantia de que Portugal &#8220;n\u00e3o \u00e9 pequeno&#8221;&hellip;\n","protected":false},"author":2,"featured_media":426801,"comment_status":"","ping_status":"","sticky":false,"template":"","format":"standard","meta":{"footnotes":"","_share_on_mastodon":"0"},"categories":[10],"tags":[39283,609,836,611,27,28,607,608,69322,333,832,604,135,610,476,15,16,301,830,14,603,25,26,570,21,22,831,833,62,834,12,13,19,20,835,602,52,32,23,24,33,17,18,29,30,31],"class_list":["post-426800","post","type-post","status-publish","format-standard","has-post-thumbnail","category-portugal","tag-air-invictus","tag-alerta","tag-analise","tag-ao-minuto","tag-breaking-news","tag-breakingnews","tag-cnn","tag-cnn-portugal","tag-cnn-summit","tag-comentadores","tag-costa","tag-crime","tag-desporto","tag-direto","tag-economia","tag-featured-news","tag-featurednews","tag-governo","tag-guerra","tag-headlines","tag-justica","tag-latest-news","tag-latestnews","tag-live","tag-main-news","tag-mainnews","tag-mais-vistas","tag-marcelo","tag-mundo","tag-negocios","tag-news","tag-noticias","tag-noticias-principais","tag-noticiasprincipais","tag-opiniao","tag-pais","tag-politica","tag-portugal","tag-principais-noticias","tag-principaisnoticias","tag-pt","tag-top-stories","tag-topstories","tag-ultimas","tag-ultimas-noticias","tag-ultimasnoticias"],"share_on_mastodon":{"url":"","error":"Validation failed: Text character limit of 500 exceeded"},"_links":{"self":[{"href":"https:\/\/www.europesays.com\/pt\/wp-json\/wp\/v2\/posts\/426800","targetHints":{"allow":["GET"]}}],"collection":[{"href":"https:\/\/www.europesays.com\/pt\/wp-json\/wp\/v2\/posts"}],"about":[{"href":"https:\/\/www.europesays.com\/pt\/wp-json\/wp\/v2\/types\/post"}],"author":[{"embeddable":true,"href":"https:\/\/www.europesays.com\/pt\/wp-json\/wp\/v2\/users\/2"}],"replies":[{"embeddable":true,"href":"https:\/\/www.europesays.com\/pt\/wp-json\/wp\/v2\/comments?post=426800"}],"version-history":[{"count":0,"href":"https:\/\/www.europesays.com\/pt\/wp-json\/wp\/v2\/posts\/426800\/revisions"}],"wp:featuredmedia":[{"embeddable":true,"href":"https:\/\/www.europesays.com\/pt\/wp-json\/wp\/v2\/media\/426801"}],"wp:attachment":[{"href":"https:\/\/www.europesays.com\/pt\/wp-json\/wp\/v2\/media?parent=426800"}],"wp:term":[{"taxonomy":"category","embeddable":true,"href":"https:\/\/www.europesays.com\/pt\/wp-json\/wp\/v2\/categories?post=426800"},{"taxonomy":"post_tag","embeddable":true,"href":"https:\/\/www.europesays.com\/pt\/wp-json\/wp\/v2\/tags?post=426800"}],"curies":[{"name":"wp","href":"https:\/\/api.w.org\/{rel}","templated":true}]}}