{"id":427033,"date":"2026-06-22T17:37:16","date_gmt":"2026-06-22T17:37:16","guid":{"rendered":"https:\/\/www.europesays.com\/pt\/427033\/"},"modified":"2026-06-22T17:37:16","modified_gmt":"2026-06-22T17:37:16","slug":"morreu-alan-greenspan-iconico-lider-da-fed-dos-eua-observador","status":"publish","type":"post","link":"https:\/\/www.europesays.com\/pt\/427033\/","title":{"rendered":"Morreu Alan Greenspan, ic\u00f3nico l\u00edder da Fed dos EUA \u2013 Observador"},"content":{"rendered":"<p>Morreu, poucos meses depois de celebrar o 100.\u00ba anivers\u00e1rio, <strong>Alan Greenspan<\/strong>, que fez <a href=\"https:\/\/observador.pt\/especiais\/alan-greenspan-1926-2026-o-maestro-da-politica-monetaria-que-no-final-admitiu-que-a-auto-regulacao-dos-bancos-nao-basta\/\" rel=\"nofollow noopener\" target=\"_blank\">cinco mandatos \u00e0 frente do banco central mais poderoso do mundo<\/a>, a Reserva Federal dos EUA.<\/p>\n<p>\u201cO Alan faleceu em nossa casa esta manh\u00e3, aos 100 anos, devido a complica\u00e7\u00f5es da doen\u00e7a de Parkinson\u201d, disse Andrea Mitchell, que foi sua mulher nos \u00faltimos 29 anos, em comunicado <a href=\"https:\/\/www.nbcnews.com\/news\/obituaries\/alan-greenspan-economist-longtime-head-federal-reserve-dies-100-rcna42286\" rel=\"nofollow noopener\" target=\"_blank\">citado pela NBC News<\/a>.<\/p>\n<blockquote>\n<p>Foi um gigante que ajudou a moldar a economia dos EUA durante d\u00e9cadas, sob presidentes de ambos os partidos, mas foi sempre honesto ao reconhecer os seus erros\u201d, disse Andrea Mitchell.<\/p>\n<\/blockquote>\n<p>\u201cPara mim, foi o meu marido, que moldou a minha vida desde o nosso primeiro encontro em 1984. Tinha uma \u2018exuber\u00e2ncia irracional\u2019 pelo basebol, pelos Washington Commanders, pelo t\u00e9nis, pelo golfe e pela m\u00fasica, especialmente pelo jazz\u201d, acrescentou Mitchell.<\/p>\n<p>\u201cSer\u00e1 recordado pela sua intelig\u00eancia e pela sua bondade. Ser a sua companheira de vida foi a maior alegria da minha vida\u201d, termina o comunicado.<\/p>\n<blockquote class=\"wp-embedded-content\" data-secret=\"IEwCQwTvcu\">\n<p><a href=\"https:\/\/observador.pt\/especiais\/alan-greenspan-1926-2026-o-maestro-da-politica-monetaria-que-no-final-admitiu-que-a-auto-regulacao-dos-bancos-nao-basta\/\" rel=\"nofollow noopener\" target=\"_blank\">Alan Greenspan (1926-2026). O \u201cmaestro\u201d da pol\u00edtica monet\u00e1ria que, no final, admitiu que a \u201cauto-regula\u00e7\u00e3o\u201d dos bancos n\u00e3o basta<\/a><\/p>\n<\/blockquote>\n","protected":false},"excerpt":{"rendered":"Morreu, poucos meses depois de celebrar o 100.\u00ba anivers\u00e1rio, Alan Greenspan, que fez cinco mandatos \u00e0 frente do&hellip;\n","protected":false},"author":2,"featured_media":427034,"comment_status":"","ping_status":"","sticky":false,"template":"","format":"standard","meta":{"footnotes":"","_share_on_mastodon":"0"},"categories":[8],"tags":[27,28,476,15,16,14,25,26,21,22,12,13,19,20,32,23,24,33,4410,58,17,18,2303,29,30,31],"class_list":["post-427033","post","type-post","status-publish","format-standard","has-post-thumbnail","category-principais-noticias","tag-breaking-news","tag-breakingnews","tag-economia","tag-featured-news","tag-featurednews","tag-headlines","tag-latest-news","tag-latestnews","tag-main-news","tag-mainnews","tag-news","tag-noticias","tag-noticias-principais","tag-noticiasprincipais","tag-portugal","tag-principais-noticias","tag-principaisnoticias","tag-pt","tag-reserva-federal","tag-sociedade","tag-top-stories","tag-topstories","tag-u00d3bito","tag-ultimas","tag-ultimas-noticias","tag-ultimasnoticias"],"share_on_mastodon":{"url":"https:\/\/pubeurope.com\/@pt\/116794979052758667","error":""},"_links":{"self":[{"href":"https:\/\/www.europesays.com\/pt\/wp-json\/wp\/v2\/posts\/427033","targetHints":{"allow":["GET"]}}],"collection":[{"href":"https:\/\/www.europesays.com\/pt\/wp-json\/wp\/v2\/posts"}],"about":[{"href":"https:\/\/www.europesays.com\/pt\/wp-json\/wp\/v2\/types\/post"}],"author":[{"embeddable":true,"href":"https:\/\/www.europesays.com\/pt\/wp-json\/wp\/v2\/users\/2"}],"replies":[{"embeddable":true,"href":"https:\/\/www.europesays.com\/pt\/wp-json\/wp\/v2\/comments?post=427033"}],"version-history":[{"count":0,"href":"https:\/\/www.europesays.com\/pt\/wp-json\/wp\/v2\/posts\/427033\/revisions"}],"wp:featuredmedia":[{"embeddable":true,"href":"https:\/\/www.europesays.com\/pt\/wp-json\/wp\/v2\/media\/427034"}],"wp:attachment":[{"href":"https:\/\/www.europesays.com\/pt\/wp-json\/wp\/v2\/media?parent=427033"}],"wp:term":[{"taxonomy":"category","embeddable":true,"href":"https:\/\/www.europesays.com\/pt\/wp-json\/wp\/v2\/categories?post=427033"},{"taxonomy":"post_tag","embeddable":true,"href":"https:\/\/www.europesays.com\/pt\/wp-json\/wp\/v2\/tags?post=427033"}],"curies":[{"name":"wp","href":"https:\/\/api.w.org\/{rel}","templated":true}]}}