{"id":42706,"date":"2025-08-24T10:52:05","date_gmt":"2025-08-24T10:52:05","guid":{"rendered":"https:\/\/www.europesays.com\/pt\/42706\/"},"modified":"2025-08-24T10:52:05","modified_gmt":"2025-08-24T10:52:05","slug":"benfica-brinca-com-a-frustracao-de-akturkoglu","status":"publish","type":"post","link":"https:\/\/www.europesays.com\/pt\/42706\/","title":{"rendered":"Benfica brinca com a frustra\u00e7\u00e3o de Akturkoglu"},"content":{"rendered":"<p style=\"text-align: justify\">Depois de <a target=\"_blank\" class=\"editor-link autolink-enabled\" href=\"https:\/\/www.abola.pt\/futebol\/jogador\/kerem-akturkoglu-218127\" data-resource-id=\"218127\" data-resource-type=\"player\" data-sport=\"football\" rel=\"nofollow noopener\">Kerem Akturkoglu<\/a> ter estado no centro das aten\u00e7\u00f5es pela aparente frustra\u00e7\u00e3o no final do jogo com o <a target=\"_blank\" class=\"editor-link autolink-enabled\" href=\"https:\/\/www.abola.pt\/futebol\/tondela-467\" data-resource-id=\"467\" data-resource-type=\"team\" data-sport=\"football\" rel=\"nofollow noopener\">Tondela<\/a>, no qual foi suplente utilizado, o <a target=\"_blank\" class=\"editor-link autolink-enabled\" href=\"https:\/\/www.abola.pt\/futebol\/benfica-450\" data-resource-id=\"450\" data-resource-type=\"team\" data-sport=\"football\" rel=\"nofollow noopener\">Benfica<\/a> reagiu ao alegado estado de esp\u00edrito do avan\u00e7ado, partilhando um v\u00eddeo no qual o jogador aparece sorridente, com a legenda \u00abAkturkoglu muito &#8216;irritado&#8217;\u00bb.<\/p>\n<p style=\"text-align: justify\">O extremo turco n\u00e3o esteve em bom plano quando foi lan\u00e7ado na partida por Bruno Lage e quando o apito soou n\u00e3o disfar\u00e7ou o descontentamento, que estaria apenas relacionado com a exibi\u00e7\u00e3o pouco conseguida.<\/p>\n","protected":false},"excerpt":{"rendered":"Depois de Kerem Akturkoglu ter estado no centro das aten\u00e7\u00f5es pela aparente frustra\u00e7\u00e3o no final do jogo com&hellip;\n","protected":false},"author":2,"featured_media":37789,"comment_status":"","ping_status":"","sticky":false,"template":"","format":"standard","meta":{"footnotes":""},"categories":[8],"tags":[27,28,15,16,14,25,26,21,22,12,13,19,20,32,23,24,33,17,18,29,30,31],"class_list":{"0":"post-42706","1":"post","2":"type-post","3":"status-publish","4":"format-standard","5":"has-post-thumbnail","7":"category-principais-noticias","8":"tag-breaking-news","9":"tag-breakingnews","10":"tag-featured-news","11":"tag-featurednews","12":"tag-headlines","13":"tag-latest-news","14":"tag-latestnews","15":"tag-main-news","16":"tag-mainnews","17":"tag-news","18":"tag-noticias","19":"tag-noticias-principais","20":"tag-noticiasprincipais","21":"tag-portugal","22":"tag-principais-noticias","23":"tag-principaisnoticias","24":"tag-pt","25":"tag-top-stories","26":"tag-topstories","27":"tag-ultimas","28":"tag-ultimas-noticias","29":"tag-ultimasnoticias"},"share_on_mastodon":{"url":"","error":""},"_links":{"self":[{"href":"https:\/\/www.europesays.com\/pt\/wp-json\/wp\/v2\/posts\/42706","targetHints":{"allow":["GET"]}}],"collection":[{"href":"https:\/\/www.europesays.com\/pt\/wp-json\/wp\/v2\/posts"}],"about":[{"href":"https:\/\/www.europesays.com\/pt\/wp-json\/wp\/v2\/types\/post"}],"author":[{"embeddable":true,"href":"https:\/\/www.europesays.com\/pt\/wp-json\/wp\/v2\/users\/2"}],"replies":[{"embeddable":true,"href":"https:\/\/www.europesays.com\/pt\/wp-json\/wp\/v2\/comments?post=42706"}],"version-history":[{"count":0,"href":"https:\/\/www.europesays.com\/pt\/wp-json\/wp\/v2\/posts\/42706\/revisions"}],"wp:featuredmedia":[{"embeddable":true,"href":"https:\/\/www.europesays.com\/pt\/wp-json\/wp\/v2\/media\/37789"}],"wp:attachment":[{"href":"https:\/\/www.europesays.com\/pt\/wp-json\/wp\/v2\/media?parent=42706"}],"wp:term":[{"taxonomy":"category","embeddable":true,"href":"https:\/\/www.europesays.com\/pt\/wp-json\/wp\/v2\/categories?post=42706"},{"taxonomy":"post_tag","embeddable":true,"href":"https:\/\/www.europesays.com\/pt\/wp-json\/wp\/v2\/tags?post=42706"}],"curies":[{"name":"wp","href":"https:\/\/api.w.org\/{rel}","templated":true}]}}