{"id":42721,"date":"2025-08-24T11:06:09","date_gmt":"2025-08-24T11:06:09","guid":{"rendered":"https:\/\/www.europesays.com\/pt\/42721\/"},"modified":"2025-08-24T11:06:09","modified_gmt":"2025-08-24T11:06:09","slug":"morreu-o-ator-luis-lucas-aos-73-anos","status":"publish","type":"post","link":"https:\/\/www.europesays.com\/pt\/42721\/","title":{"rendered":"Morreu o ator Lu\u00eds Lucas aos 73 anos"},"content":{"rendered":"<p class=\"category\"><a href=\"https:\/\/sicnoticias.pt\/cultura\" rel=\"nofollow noopener\" target=\"_blank\">Cultura<\/a><\/p>\n<p class=\"status ematualizacao\">Em atualiza\u00e7\u00e3o<\/p>\n<p>A not\u00edcia foi partilhada pela Academia Portuguesa de Cinema e pelo ator Diogo Infante.<\/p>\n<p><img decoding=\"async\" src=\"https:\/\/www.europesays.com\/pt\/wp-content\/uploads\/2025\/08\/1756033569_595_original.webp\" alt=\"Morreu o ator Lu\u00eds Lucas aos 73 anos\"\/><\/p>\n<p>Jose Pinto Ribeiro | Reprodu\u00e7\u00e3o Facebook Academia Portuguesa de Cinema<\/p>\n<p><strong>O ator Lu\u00eds Lucas morreu aos 73 anos, partilhou a Academia Portuguesa de Cinema, numa publica\u00e7\u00e3o feita no Facebook, este domingo.<\/strong><\/p>\n<blockquote><p>&#8220;\u00c9 com a maior tristeza que damos a not\u00edcia da partida do actor Luis Lucas, querido membro da Academia Portuguesa de Cinema. Nascido a 16 de junho de 1952, em Lisboa, Luis Lucas deixa um legado inestim\u00e1vel para o teatro, o cinema e a televis\u00e3o em Portugal&#8221;, l\u00ea-se na publica\u00e7\u00e3o.<\/p><\/blockquote>\n<p>Al\u00e9m da televis\u00e3o e teatro, a &#8220;voz e talento [de Lu\u00eds Lucas] tamb\u00e9m se estenderam \u00e0 dobragem e locu\u00e7\u00e3o, participando em in\u00fameros projetos de anima\u00e7\u00e3o, s\u00e9ries e publicidade, com uma entrega sempre reconhec\u00edvel&#8221;, reconhece a Academia Portuguesa de Cinema.<\/p>\n<p>O ator Diogo Infante partilhou a not\u00edcia no Instagram.<\/p>\n<blockquote><p>&#8220;Querido Lu\u00eds Lucas, sa\u00edste de cena precocemente. Vamos ter que adiar a nossa colabora\u00e7\u00e3o teatral. Boa viagem! Boa viagem! A vida \u00e9 isto\u2026&#8221;, escreveu.<\/p><\/blockquote>\n","protected":false},"excerpt":{"rendered":"Cultura Em atualiza\u00e7\u00e3o A not\u00edcia foi partilhada pela Academia Portuguesa de Cinema e pelo ator Diogo Infante. Jose&hellip;\n","protected":false},"author":2,"featured_media":42722,"comment_status":"","ping_status":"","sticky":false,"template":"","format":"standard","meta":{"footnotes":""},"categories":[8],"tags":[27,28,15,16,14,25,26,21,22,12,13,19,20,32,23,24,33,17,18,29,30,31],"class_list":{"0":"post-42721","1":"post","2":"type-post","3":"status-publish","4":"format-standard","5":"has-post-thumbnail","7":"category-principais-noticias","8":"tag-breaking-news","9":"tag-breakingnews","10":"tag-featured-news","11":"tag-featurednews","12":"tag-headlines","13":"tag-latest-news","14":"tag-latestnews","15":"tag-main-news","16":"tag-mainnews","17":"tag-news","18":"tag-noticias","19":"tag-noticias-principais","20":"tag-noticiasprincipais","21":"tag-portugal","22":"tag-principais-noticias","23":"tag-principaisnoticias","24":"tag-pt","25":"tag-top-stories","26":"tag-topstories","27":"tag-ultimas","28":"tag-ultimas-noticias","29":"tag-ultimasnoticias"},"share_on_mastodon":{"url":"","error":""},"_links":{"self":[{"href":"https:\/\/www.europesays.com\/pt\/wp-json\/wp\/v2\/posts\/42721","targetHints":{"allow":["GET"]}}],"collection":[{"href":"https:\/\/www.europesays.com\/pt\/wp-json\/wp\/v2\/posts"}],"about":[{"href":"https:\/\/www.europesays.com\/pt\/wp-json\/wp\/v2\/types\/post"}],"author":[{"embeddable":true,"href":"https:\/\/www.europesays.com\/pt\/wp-json\/wp\/v2\/users\/2"}],"replies":[{"embeddable":true,"href":"https:\/\/www.europesays.com\/pt\/wp-json\/wp\/v2\/comments?post=42721"}],"version-history":[{"count":0,"href":"https:\/\/www.europesays.com\/pt\/wp-json\/wp\/v2\/posts\/42721\/revisions"}],"wp:featuredmedia":[{"embeddable":true,"href":"https:\/\/www.europesays.com\/pt\/wp-json\/wp\/v2\/media\/42722"}],"wp:attachment":[{"href":"https:\/\/www.europesays.com\/pt\/wp-json\/wp\/v2\/media?parent=42721"}],"wp:term":[{"taxonomy":"category","embeddable":true,"href":"https:\/\/www.europesays.com\/pt\/wp-json\/wp\/v2\/categories?post=42721"},{"taxonomy":"post_tag","embeddable":true,"href":"https:\/\/www.europesays.com\/pt\/wp-json\/wp\/v2\/tags?post=42721"}],"curies":[{"name":"wp","href":"https:\/\/api.w.org\/{rel}","templated":true}]}}