{"id":427380,"date":"2026-06-22T22:44:17","date_gmt":"2026-06-22T22:44:17","guid":{"rendered":"https:\/\/www.europesays.com\/pt\/427380\/"},"modified":"2026-06-22T22:44:17","modified_gmt":"2026-06-22T22:44:17","slug":"lancamentos-da-semana-22-a-28-06-netflix-hbo-max-prime-video-e-disney","status":"publish","type":"post","link":"https:\/\/www.europesays.com\/pt\/427380\/","title":{"rendered":"Lan\u00e7amentos da semana (22 a 28\/06): Netflix, HBO Max, Prime Video e Disney+"},"content":{"rendered":"<p>Procurando os lan\u00e7amentos do streaming? Nesta que \u00e9 a \u00faltima semana do m\u00eas de junho, as plataformas fecham o m\u00eas com v\u00e1rias novidades. Entre os destaques, a Netflix estreia a aguardada segunda temporada de <strong>Avatar: O \u00daltimo Mestre do Ar<\/strong>, enquanto o Disney+ recebe <strong>Avatar: Fogo e Cinzas<\/strong> e a quinta e \u00faltima temporada de <strong>O Urso<\/strong>. J\u00e1 a <a class=\"lib tg-lib\" href=\"https:\/\/www.oficinadanet.com.br\/hbo-max\" rel=\"nofollow noopener\" target=\"_blank\">HBO Max<\/a> traz novos epis\u00f3dios de <strong>A Casa do Drag\u00e3o<\/strong> e no Prime Video tem <strong>Nuremberg<\/strong>.<\/p>\n<p>Confira, a seguir, tudo o que chega aos cat\u00e1logos da Netflix, HBO Max, Prime Video e Disney+ entre os dias 22 e 28 de junho de 2026.<\/p>\n<p>\ud83d\udd34 Netflix<\/p>\n<p>Entre as estreias, est\u00e3o a segunda temporada de Avatar: O \u00daltimo Mestre do Ar, o <a class=\"lib tg-lib\" href=\"https:\/\/www.oficinadanet.com.br\/netflix2018\/23817-os-melhores-filmes-para-assistir-na-netflix-em-2018\" rel=\"nofollow noopener\" target=\"_blank\">filme<\/a> Little Brother e o document\u00e1rio O Experimento Americano. Tamb\u00e9m chegam ao cat\u00e1logo do streaming filmes como Sib\u00e9ria e Uma Noite no Museu 2.<\/p>\n<p>S\u00e9ries, realities e document\u00e1rios<\/p>\n<ul>\n<li>22\/06 \u2014 <strong>Ritmo + Flow: It\u00e1lia &#8211; Temporada 3<\/strong><\/li>\n<li>24\/06 \u2014 <strong>O Experimento Americano<\/strong><\/li>\n<li>24\/06 \u2014 <strong>Uma Nova Mulher &#8211; Temporada 3<\/strong><\/li>\n<li>25\/06 \u2014 <strong>Avatar: O \u00daltimo Mestre do Ar &#8211; Temporada 2<\/strong><\/li>\n<li>26\/06 \u2014 <strong>Pok\u00e9mon: Horizontes &#8211; Temporada 3<\/strong><\/li>\n<li>26\/06 \u2014 <strong>Notas da \u00daltima Fila<\/strong><\/li>\n<li>26\/06 \u2014 <strong>Agente Kim: Reativado<\/strong> (novo epis\u00f3dio)<\/li>\n<li>27\/06 \u2014 <strong>Lock Upp<\/strong> (novo epis\u00f3dio)<\/li>\n<li>27\/06 \u2014 <strong>WWE Night of Champions<\/strong><\/li>\n<li>28\/06 \u2014 <strong>Casamento \u00e0s Cegas: Argentina<\/strong><\/li>\n<\/ul>\n<p>Filmes<\/p>\n<p>&#13;<br \/>\n            &#13;<br \/>\n                <img decoding=\"async\" width=\"320\" height=\"180\" loading=\"lazy\" alt=\"V\u00eddeo incorporado do YouTube\" class=\"cover\" src=\"https:\/\/www.europesays.com\/pt\/wp-content\/uploads\/2026\/06\/1782168255_429_mqdefault.jpg\"  \/>&#13;<br \/>\n                &#13;<br \/>\n                &#13;\n            <\/p>\n<ul>\n<li>25\/06 \u2014 <strong>Pau D\u2019Arco<\/strong><\/li>\n<li>26\/06 \u2014 <strong>Little Brother<\/strong><\/li>\n<li>26\/06 \u2014 <strong>Chris e Martina: O \u00daltimo Set<\/strong><\/li>\n<li>26\/06 \u2014 <strong>Sib\u00e9ria<\/strong><\/li>\n<li>26\/06 \u2014 <strong>Uma Noite no Museu 2<\/strong><\/li>\n<li>26\/06 \u2014 <strong>Status Update: Perfil dos Sonhos<\/strong><\/li>\n<li>27\/06 \u2014 <strong>Malasartes e o Duelo com a Morte<\/strong><\/li>\n<li>28\/06 \u2014 <strong>A M\u00e1quina do Crime<\/strong><\/li>\n<li>28\/06 \u2014 <strong>Juwanna Mann<\/strong><\/li>\n<\/ul>\n<p>\u26ab HBO Max<strong\/><\/p>\n<p>Nesta semana, a HBO Max exibe o segundo epis\u00f3dio da terceira temporada de A Casa do Drag\u00e3o e estreia a com\u00e9dia Larry e a Busca da Infelicidade. Al\u00e9m disso, o streaming recebe o filme A Incr\u00edvel Eleanor e novos epis\u00f3dios de Rick and Morty, Orgulho, Opera\u00e7\u00e3o Guerra Verde e Largados e Pelados: Campe\u00f5es do Mundo.<\/p>\n<p>S\u00e9ries, realities e document\u00e1rios<\/p>\n<p>&#13;<br \/>\n            &#13;<br \/>\n                <img decoding=\"async\" width=\"320\" height=\"180\" loading=\"lazy\" alt=\"V\u00eddeo incorporado do YouTube\" class=\"cover\" src=\"https:\/\/www.europesays.com\/pt\/wp-content\/uploads\/2026\/06\/1782168256_677_mqdefault.jpg\"  \/>&#13;<br \/>\n                &#13;<br \/>\n                &#13;\n            <\/p>\n<ul>\n<li>22\/06 \u2014 <strong>Rick and Morty &#8211; Temporada 9, Epis\u00f3dio 5<\/strong><\/li>\n<li>23\/06 \u2014 <strong>Lugar \u00e0 Mesa<\/strong><\/li>\n<li>24\/06 \u2014 <strong>Opera\u00e7\u00e3o Guerra Verde &#8211; Temporada 1, Epis\u00f3dios 5 e 6<\/strong><\/li>\n<li>24\/06 \u2014 <strong>Os Pequenos Johnstons &#8211; Temporada 10<\/strong><\/li>\n<li>26\/06 \u2014 <strong>Larry e a Busca da Infelicidade<\/strong><\/li>\n<li>26\/06 \u2014 <strong>Orgulho &#8211; Temporada 1, Epis\u00f3dio 3<\/strong><\/li>\n<li>28\/06 \u2014 <strong>A Casa do Drag\u00e3o &#8211; Temporada 3, Epis\u00f3dio 2<\/strong><\/li>\n<li>28\/06 \u2014 <strong>Podcast oficial de A Casa do Drag\u00e3o &#8211; Temporada 3<\/strong><\/li>\n<li>28\/06 \u2014 <strong>Largados e Pelados: Campe\u00f5es do Mundo &#8211; Epis\u00f3dio 6<\/strong><\/li>\n<\/ul>\n<p>Filmes<\/p>\n<p>&#13;<br \/>\n            &#13;<br \/>\n                <img decoding=\"async\" width=\"320\" height=\"180\" loading=\"lazy\" alt=\"V\u00eddeo incorporado do YouTube\" class=\"cover\" src=\"https:\/\/www.europesays.com\/pt\/wp-content\/uploads\/2026\/06\/1782168256_627_mqdefault.jpg\"  \/>&#13;<br \/>\n                &#13;<br \/>\n                &#13;\n            <\/p>\n<ul>\n<li>24\/06 \u2014 <strong>P\u00e1ssaros Amarelos<\/strong><\/li>\n<li>26\/06 \u2014 <strong>A Incr\u00edvel Eleanor<\/strong><\/li>\n<li>26\/06 \u2014 <strong>Twinless: Um G\u00eameo a Menos<\/strong><\/li>\n<\/ul>\n<p>Esportes ao vivo<\/p>\n<ul>\n<li>26 a 28\/06 \u2014 <strong>EVO Las Vegas<\/strong><\/li>\n<\/ul>\n<p>\ud83d\udd35 Prime Video<\/p>\n<p>Entre as produ\u00e7\u00f5es que chegam ao streaming da Amazon nesta semana, est\u00e3o a s\u00e9rie sul-coreana Te Vejo no Trabalho! e o drama hist\u00f3rico Nuremberg.<\/p>\n<p>S\u00e9ries e anima\u00e7\u00f5es<\/p>\n<p>&#13;<br \/>\n            &#13;<br \/>\n                <img decoding=\"async\" width=\"320\" height=\"180\" loading=\"lazy\" alt=\"V\u00eddeo incorporado do YouTube\" class=\"cover\" src=\"https:\/\/www.europesays.com\/pt\/wp-content\/uploads\/2026\/06\/1782168256_667_mqdefault.jpg\"  \/>&#13;<br \/>\n                &#13;<br \/>\n                &#13;\n            <\/p>\n<ul>\n<li>22\/06 \u2014 <strong>Te Vejo no Trabalho! &#8211; Temporada 1<\/strong><\/li>\n<li>24\/06 \u2014 <strong>A Lenda de Vox Machina &#8211; Temporada 4, Epis\u00f3dios 10 a 12 (final de temporada)<\/strong><\/li>\n<\/ul>\n<p>Filmes<\/p>\n<p>&#13;<br \/>\n            &#13;<br \/>\n                <img decoding=\"async\" width=\"320\" height=\"180\" loading=\"lazy\" alt=\"V\u00eddeo incorporado do YouTube\" class=\"cover\" src=\"https:\/\/www.europesays.com\/pt\/wp-content\/uploads\/2026\/06\/1782168257_542_mqdefault.jpg\"  \/>&#13;<br \/>\n                &#13;<br \/>\n                &#13;\n            <\/p>\n<ul>\n<li>26\/06 \u2014 <strong>Nuremberg<\/strong><\/li>\n<li>26\/06 \u2014 <strong>Driver\u2019s Ed<\/strong><\/li>\n<\/ul>\n<p>\ud83d\udfe2 Disney+<\/p>\n<p>O Disney+ recebe o filme Avatar: Fogo e Cinzas e a quinta e \u00faltima temporada de O Urso. O cat\u00e1logo tamb\u00e9m ganha novos epis\u00f3dios de Doutor \u00e0 Beira do Amor, Doc e Equipe de Resgate, al\u00e9m do final da temporada de Bem-vindos ao Wrexham.<\/p>\n<p>S\u00e9ries, realities e document\u00e1rios<\/p>\n<p>&#13;<br \/>\n            &#13;<br \/>\n                <img decoding=\"async\" width=\"320\" height=\"180\" loading=\"lazy\" alt=\"V\u00eddeo incorporado do YouTube\" class=\"cover\" src=\"https:\/\/www.europesays.com\/pt\/wp-content\/uploads\/2026\/06\/1782168257_326_mqdefault.jpg\"  \/>&#13;<br \/>\n                &#13;<br \/>\n                &#13;\n            <\/p>\n<ul>\n<li>22\/06 \u2014 <strong>Doutor \u00e0 Beira do Amor &#8211; Temporada 1, Epis\u00f3dio 7<\/strong><\/li>\n<li>23\/06 \u2014 <strong>Inapropriados para o Trabalho &#8211; Epis\u00f3dios 8 e 9 (final de temporada)<\/strong><\/li>\n<li>23\/06 \u2014 <strong>Doutor \u00e0 Beira do Amor &#8211; Temporada 1, Epis\u00f3dio 8<\/strong><\/li>\n<li>24\/06 \u2014 <strong>Equipe de Resgate &#8211; Temporada 3 (novos epis\u00f3dios)<\/strong><\/li>\n<li>24\/06 \u2014 <strong>Doc &#8211; Temporada 2 (novos epis\u00f3dios)<\/strong><\/li>\n<li>25\/06 \u2014 <strong>O Urso &#8211; Temporada 5<\/strong><\/li>\n<li>26\/06 \u2014 <strong>Bem-vindos ao Wrexham &#8211; Temporada 5 (final de temporada)<\/strong><\/li>\n<li>Todos os dias \u2014 <strong>Casa do Patr\u00e3o<\/strong> (transmiss\u00e3o ao vivo 24 horas)<\/li>\n<\/ul>\n<p>Filmes<\/p>\n<p>&#13;<br \/>\n            &#13;<br \/>\n                <img decoding=\"async\" width=\"320\" height=\"180\" loading=\"lazy\" alt=\"V\u00eddeo incorporado do YouTube\" class=\"cover\" src=\"https:\/\/www.europesays.com\/pt\/wp-content\/uploads\/2026\/06\/1782168257_941_mqdefault.jpg\"  \/>&#13;<br \/>\n                &#13;<br \/>\n                &#13;\n            <\/p>\n<ul>\n<li>24\/06 \u2014 <strong>Avatar: Fogo e Cinzas<\/strong><\/li>\n<\/ul>\n<p>Esportes da ESPN no Disney+<\/p>\n<ul>\n<li>Copa do Mundo da FIFA<\/li>\n<li>Campeonato Brasileiro S\u00e9rie B<\/li>\n<li>ATP e WTA 500 de Londres<\/li>\n<li>IndyCar &#8211; GP de Road America<\/li>\n<li>NASCAR &#8211; GP de San Diego<\/li>\n<\/ul>\n<p>Como assistir aos lan\u00e7amentos da semana?<\/p>\n<p>Todos os t\u00edtulos ficam dispon\u00edveis para assinantes com plano ativo na <strong>Netflix<\/strong>, <strong>HBO Max<\/strong>, <strong>Prime Video<\/strong> ou <strong>Disney+<\/strong>, via app em smart TVs, celulares, tablets, <a class=\"lib tg-lib\" href=\"https:\/\/www.oficinadanet.com.br\/videogames\" rel=\"nofollow noopener\" target=\"_blank\">consoles<\/a> ou <a class=\"lib tg-lib\" href=\"https:\/\/www.oficinadanet.com.br\/internet\/35255-melhores-navegadores-para-utilizar-no-pc-em-2021\" rel=\"nofollow noopener\" target=\"_blank\">navegador<\/a>. Os valores dos <a class=\"lib tg-lib\" href=\"https:\/\/www.oficinadanet.com.br\/planos\" rel=\"nofollow noopener\" target=\"_blank\">planos<\/a> mensais e anuais variam de uma plataforma para outra, com op\u00e7\u00f5es com e sem an\u00fancios em alguns servi\u00e7os.<\/p>\n<p><strong>Novidades da Netflix<\/strong> \ud83c\udfac<\/p>\n<p>Receba atualiza\u00e7\u00f5es sobre lan\u00e7amentos, filmes e s\u00e9ries direto no seu celular:<\/p>\n<p>\ud83d\udc49 Confira tamb\u00e9m a nossa <strong><a class=\"tg-link-manual\" href=\"https:\/\/www.oficinadanet.com.br\/amazon\/30208-melhores-filmes-para-assistir-na-amazon-prime-video\" rel=\"nofollow noopener\" target=\"_blank\">lista atualizada com os melhores filmes para assistir na Amazon Prime Video<\/a><\/strong>. Se curte terror, atualizamos tamb\u00e9m a <strong><a class=\"tg-link-manual\" href=\"https:\/\/www.oficinadanet.com.br\/netflix2019\/24769-melhores-filmes-de-terror-para-assistir-na-netflix-\" rel=\"nofollow noopener\" target=\"_blank\">lista completinha com os 38 melhores filmes da Netflix<\/a><\/strong>.<\/p>\n","protected":false},"excerpt":{"rendered":"Procurando os lan\u00e7amentos do streaming? Nesta que \u00e9 a \u00faltima semana do m\u00eas de junho, as plataformas fecham&hellip;\n","protected":false},"author":2,"featured_media":427381,"comment_status":"","ping_status":"","sticky":false,"template":"","format":"standard","meta":{"footnotes":"","_share_on_mastodon":"0"},"categories":[140],"tags":[937,1218,842,2644,7539,114,115,147,148,1583,146,716,32,33,940],"class_list":["post-427380","post","type-post","status-publish","format-standard","has-post-thumbnail","category-filmes","tag-amazon-prime-video","tag-aplicativos","tag-apps","tag-dicas","tag-disney-plus","tag-entertainment","tag-entretenimento","tag-film","tag-filmes","tag-hbo-max","tag-movies","tag-netflix","tag-portugal","tag-pt","tag-streaming"],"share_on_mastodon":{"url":"https:\/\/pubeurope.com\/@pt\/116796186813663804","error":""},"_links":{"self":[{"href":"https:\/\/www.europesays.com\/pt\/wp-json\/wp\/v2\/posts\/427380","targetHints":{"allow":["GET"]}}],"collection":[{"href":"https:\/\/www.europesays.com\/pt\/wp-json\/wp\/v2\/posts"}],"about":[{"href":"https:\/\/www.europesays.com\/pt\/wp-json\/wp\/v2\/types\/post"}],"author":[{"embeddable":true,"href":"https:\/\/www.europesays.com\/pt\/wp-json\/wp\/v2\/users\/2"}],"replies":[{"embeddable":true,"href":"https:\/\/www.europesays.com\/pt\/wp-json\/wp\/v2\/comments?post=427380"}],"version-history":[{"count":0,"href":"https:\/\/www.europesays.com\/pt\/wp-json\/wp\/v2\/posts\/427380\/revisions"}],"wp:featuredmedia":[{"embeddable":true,"href":"https:\/\/www.europesays.com\/pt\/wp-json\/wp\/v2\/media\/427381"}],"wp:attachment":[{"href":"https:\/\/www.europesays.com\/pt\/wp-json\/wp\/v2\/media?parent=427380"}],"wp:term":[{"taxonomy":"category","embeddable":true,"href":"https:\/\/www.europesays.com\/pt\/wp-json\/wp\/v2\/categories?post=427380"},{"taxonomy":"post_tag","embeddable":true,"href":"https:\/\/www.europesays.com\/pt\/wp-json\/wp\/v2\/tags?post=427380"}],"curies":[{"name":"wp","href":"https:\/\/api.w.org\/{rel}","templated":true}]}}