{"id":42743,"date":"2025-08-24T11:30:09","date_gmt":"2025-08-24T11:30:09","guid":{"rendered":"https:\/\/www.europesays.com\/pt\/42743\/"},"modified":"2025-08-24T11:30:09","modified_gmt":"2025-08-24T11:30:09","slug":"ex-funcionario-acusado-de-roubar-segredos-do-apple-watch-para-a-oppo","status":"publish","type":"post","link":"https:\/\/www.europesays.com\/pt\/42743\/","title":{"rendered":"Ex-funcion\u00e1rio acusado de roubar segredos do Apple Watch para a Oppo"},"content":{"rendered":"<p>A Apple abriu um novo processo judicial contra um ex-colaborador, acusando-o de ter transferido informa\u00e7\u00f5es confidenciais sobre o Apple Watch para a Oppo. Segundo a gigante tecnol\u00f3gica, o antigo arquiteto de sistemas de sensores ter\u00e1 descarregado dezenas de ficheiros protegidos.<\/p>\n<p><a target=\"_blank\" href=\"https:\/\/pplware.sapo.pt\/wp-content\/uploads\/2021\/07\/oppo_watch12.jpg\" onclick=\"refreshIframe()\" class=\"foobox\" rel=\"nofollow noopener\"><img fetchpriority=\"high\" decoding=\"async\" src=\"https:\/\/www.europesays.com\/pt\/wp-content\/uploads\/2025\/08\/oppo_watch12-720x405.jpg\" alt=\"\" width=\"720\" height=\"405\" class=\"aligncenter size-medium wp-image-780575\"  \/><\/a><\/p>\n<p>Apple alega que a Oppo recebeu segredos da Apple<\/p>\n<p>Na a\u00e7\u00e3o judicial, a Apple alega que um antigo colaborador <a target=\"_blank\" href=\"https:\/\/pplware.sapo.pt\/analises-2\/analise-oppo-watch-um-excelente-smartwatch-wear-os-para-android-e-ios\/\" rel=\"nofollow noopener\">partilhou propositadamente<\/a> informa\u00e7\u00f5es sobre o Apple Watch com o seu novo empregador.<\/p>\n<p>A Apple est\u00e1 a avan\u00e7ar contra mais um dos seus antigos funcion\u00e1rios por, alegadamente, ter partilhado segredos comerciais com um novo empregador.<\/p>\n<p>No processo, a Apple nomeia <strong>Chen Shi, um ex-colaborador que trabalhou na equipa do Apple Watch<\/strong>, juntamente com a Oppo, como arguidos, alegando que \u201cconspiraram para roubar os segredos comerciais da Apple\u201d.<\/p>\n<p><a target=\"_blank\" href=\"https:\/\/pplware.sapo.pt\/wp-content\/uploads\/2025\/08\/apple_acusa_oppo01.webp\" rel=\"nofollow noopener\"><img loading=\"lazy\" decoding=\"async\" src=\"https:\/\/www.europesays.com\/pt\/wp-content\/uploads\/2025\/08\/apple_acusa_oppo01-720x480.webp.webp\" alt=\"Imagem Apple Watch vs Oppo Watch\" width=\"720\" height=\"480\" class=\"aligncenter wp-image-1074977 size-medium\"  \/><\/a><\/p>\n<p>Colaborador disse que ia cuidar dos pais idosos na China<\/p>\n<p>Segundo a a\u00e7\u00e3o, Shi trabalhou como arquiteto de sistemas de sensores para o Apple Watch entre janeiro de 2020 e junho de 2025, mas j\u00e1 procurava emprego na Oppo desde abril de 2025.<\/p>\n<p>A Apple afirma que o seu antigo funcion\u00e1rio <strong>n\u00e3o revelou que iria juntar-se \u00e0 Oppo<\/strong> e, em vez disso, <strong>disse que estava a regressar \u00e0 China para cuidar dos pais idosos<\/strong> e que n\u00e3o tinha planos de procurar novo trabalho. No entanto, a a\u00e7\u00e3o refere que Shi \u201cmarcou e participou em dezenas de reuni\u00f5es individuais\u201d com membros da equipa do Apple Watch para saber mais sobre o trabalho desenvolvido em \u201csensores \u00f3ticos, sensores de temperatura e sensores de ECG\u201d.<\/p>\n<p><a target=\"_blank\" href=\"https:\/\/pplware.sapo.pt\/wp-content\/uploads\/2021\/07\/oppo_watch15.jpg\" onclick=\"refreshIframe()\" class=\"foobox\" rel=\"nofollow noopener\"><img loading=\"lazy\" decoding=\"async\" src=\"https:\/\/www.europesays.com\/pt\/wp-content\/uploads\/2025\/08\/oppo_watch15-720x405.jpg\" alt=\"\" width=\"720\" height=\"405\" class=\"aligncenter size-medium wp-image-780579\"  \/><\/a><\/p>\n<p>Na a\u00e7\u00e3o, <strong>alega-se que Shi descarregou 63 ficheiros de uma das pastas protegidas da Apple<\/strong> e transferiu o material para uma pen USB, antes de procurar na internet \u201ccomo apagar [um] MacBook\u201d e \u201calgu\u00e9m consegue ver se abri um ficheiro numa pasta partilhada?\u201d.<\/p>\n<p>Al\u00e9m destas acusa\u00e7\u00f5es, a Apple refere ainda que Shi enviou uma mensagem aos futuros empregadores na Oppo, dizendo que iria \u201crecolher o m\u00e1ximo de informa\u00e7\u00e3o poss\u00edvel\u201d sobre as <strong>tecnologias de dete\u00e7\u00e3o de sa\u00fade da Apple<\/strong>.<\/p>\n<p><a target=\"_blank\" href=\"https:\/\/pplware.sapo.pt\/wp-content\/uploads\/2021\/07\/oppo_watch30.jpg\" onclick=\"refreshIframe()\" class=\"foobox\" rel=\"nofollow noopener\"><img loading=\"lazy\" decoding=\"async\" src=\"https:\/\/www.europesays.com\/pt\/wp-content\/uploads\/2025\/08\/oppo_watch30-720x405.jpg\" alt=\"\" width=\"720\" height=\"405\" class=\"aligncenter size-medium wp-image-780584\"  \/><\/a><\/p>\n<p>Oppo j\u00e1 respondeu \u00e0 acusa\u00e7\u00e3o da Apple<\/p>\n<p>A Oppo j\u00e1 emitiu uma declara\u00e7\u00e3o sobre o processo da Apple, alegando que \u201cn\u00e3o encontrou qualquer prova que estabele\u00e7a liga\u00e7\u00e3o entre estas acusa\u00e7\u00f5es e a conduta do funcion\u00e1rio durante o seu tempo na OPPO\u201d.<\/p>\n<p>A empresa acrescentou ainda que n\u00e3o \u201cse apropriou indevidamente dos segredos comerciais da Apple\u201d.<\/p>\n<blockquote>\n<p>Estamos cientes do recente processo judicial movido pela Apple na Calif\u00f3rnia e analis\u00e1mos cuidadosamente as alega\u00e7\u00f5es contidas na queixa da Apple. N\u00e3o encontramos nenhuma evid\u00eancia que estabele\u00e7a qualquer liga\u00e7\u00e3o entre essas alega\u00e7\u00f5es e a conduta do funcion\u00e1rio durante o seu emprego na OPPO.<\/p>\n<\/blockquote>\n<p>Disse a empresa em <a target=\"_blank\" href=\"https:\/\/www.macrumors.com\/2025\/08\/23\/oppo-responds-to-apple-lawsuit\/\" rel=\"nofollow noopener\">declara\u00e7\u00e3o<\/a>.<\/p>\n<p>N\u00e3o \u00e9 a primeira vez que a Apple avan\u00e7a judicialmente contra um dos seus ex-funcion\u00e1rios.<\/p>\n<p>No in\u00edcio deste ver\u00e3o, a empresa processou um engenheiro de design, alegando que este roubou segredos comerciais sobre o Vision Pro e os partilhou com o seu novo empregador, a Snap.<\/p>\n","protected":false},"excerpt":{"rendered":"A Apple abriu um novo processo judicial contra um ex-colaborador, acusando-o de ter transferido informa\u00e7\u00f5es confidenciais sobre o&hellip;\n","protected":false},"author":2,"featured_media":42744,"comment_status":"","ping_status":"","sticky":false,"template":"","format":"standard","meta":{"footnotes":""},"categories":[84],"tags":[13068,10395,13069,109,107,108,13070,32,33,105,103,104,106,110],"class_list":{"0":"post-42743","1":"post","2":"type-post","3":"status-publish","4":"format-standard","5":"has-post-thumbnail","7":"category-ciencia-e-tecnologia","8":"tag-acao-judicial","9":"tag-apple-watch","10":"tag-chen-shi","11":"tag-ciencia","12":"tag-ciencia-e-tecnologia","13":"tag-cienciaetecnologia","14":"tag-oppo","15":"tag-portugal","16":"tag-pt","17":"tag-science","18":"tag-science-and-technology","19":"tag-scienceandtechnology","20":"tag-technology","21":"tag-tecnologia"},"share_on_mastodon":{"url":"","error":""},"_links":{"self":[{"href":"https:\/\/www.europesays.com\/pt\/wp-json\/wp\/v2\/posts\/42743","targetHints":{"allow":["GET"]}}],"collection":[{"href":"https:\/\/www.europesays.com\/pt\/wp-json\/wp\/v2\/posts"}],"about":[{"href":"https:\/\/www.europesays.com\/pt\/wp-json\/wp\/v2\/types\/post"}],"author":[{"embeddable":true,"href":"https:\/\/www.europesays.com\/pt\/wp-json\/wp\/v2\/users\/2"}],"replies":[{"embeddable":true,"href":"https:\/\/www.europesays.com\/pt\/wp-json\/wp\/v2\/comments?post=42743"}],"version-history":[{"count":0,"href":"https:\/\/www.europesays.com\/pt\/wp-json\/wp\/v2\/posts\/42743\/revisions"}],"wp:featuredmedia":[{"embeddable":true,"href":"https:\/\/www.europesays.com\/pt\/wp-json\/wp\/v2\/media\/42744"}],"wp:attachment":[{"href":"https:\/\/www.europesays.com\/pt\/wp-json\/wp\/v2\/media?parent=42743"}],"wp:term":[{"taxonomy":"category","embeddable":true,"href":"https:\/\/www.europesays.com\/pt\/wp-json\/wp\/v2\/categories?post=42743"},{"taxonomy":"post_tag","embeddable":true,"href":"https:\/\/www.europesays.com\/pt\/wp-json\/wp\/v2\/tags?post=42743"}],"curies":[{"name":"wp","href":"https:\/\/api.w.org\/{rel}","templated":true}]}}