{"id":42751,"date":"2025-08-24T11:35:09","date_gmt":"2025-08-24T11:35:09","guid":{"rendered":"https:\/\/www.europesays.com\/pt\/42751\/"},"modified":"2025-08-24T11:35:09","modified_gmt":"2025-08-24T11:35:09","slug":"o-que-dado-dolabella-wanessa-e-luan-pereira-disseram-sobre-confusao-em-bar","status":"publish","type":"post","link":"https:\/\/www.europesays.com\/pt\/42751\/","title":{"rendered":"o que Dado Dolabella, Wanessa e Luan Pereira disseram sobre confus\u00e3o em bar"},"content":{"rendered":"\n<p class=\" content-text__container \" data-track-category=\"Link no Texto\" data-track-links=\"\"> &#8220;Tudo come\u00e7ou assim: after da &#8216;Dan\u00e7a dos Famosos&#8217;. Todo mundo dan\u00e7a com todo mundo, com o maior respeito do mundo, amizade e tudo mais. Inclusive no after, eu estava acompanhado, e todo mundo viu&#8221;, come\u00e7ou ele, que estava com sua namorada no bar. &#8220;Eu tinha dan\u00e7ado com a pr\u00f3pria Wanessa, que \u00e9 minha amiga do cora\u00e7\u00e3o, eu amo ela, e respeito. A\u00ed fui l\u00e1, peguei, dancei com ela, girei e tal, quando eu me dei conta, Fulano, que eu nem sabia quem era Fulano, nunca tinha ouvido falar na minha vida, n\u00e3o sabia que era ex&#8230;&#8221;, explicou. <\/p>\n","protected":false},"excerpt":{"rendered":"&#8220;Tudo come\u00e7ou assim: after da &#8216;Dan\u00e7a dos Famosos&#8217;. Todo mundo dan\u00e7a com todo mundo, com o maior respeito&hellip;\n","protected":false},"author":2,"featured_media":42752,"comment_status":"","ping_status":"","sticky":false,"template":"","format":"standard","meta":{"footnotes":""},"categories":[145],"tags":[211,210,12683,114,115,32,33,4981],"class_list":{"0":"post-42751","1":"post","2":"type-post","3":"status-publish","4":"format-standard","5":"has-post-thumbnail","7":"category-celebridades","8":"tag-celebridades","9":"tag-celebrities","10":"tag-dado-dolabella","11":"tag-entertainment","12":"tag-entretenimento","13":"tag-portugal","14":"tag-pt","15":"tag-wanessa-camargo"},"share_on_mastodon":{"url":"","error":""},"_links":{"self":[{"href":"https:\/\/www.europesays.com\/pt\/wp-json\/wp\/v2\/posts\/42751","targetHints":{"allow":["GET"]}}],"collection":[{"href":"https:\/\/www.europesays.com\/pt\/wp-json\/wp\/v2\/posts"}],"about":[{"href":"https:\/\/www.europesays.com\/pt\/wp-json\/wp\/v2\/types\/post"}],"author":[{"embeddable":true,"href":"https:\/\/www.europesays.com\/pt\/wp-json\/wp\/v2\/users\/2"}],"replies":[{"embeddable":true,"href":"https:\/\/www.europesays.com\/pt\/wp-json\/wp\/v2\/comments?post=42751"}],"version-history":[{"count":0,"href":"https:\/\/www.europesays.com\/pt\/wp-json\/wp\/v2\/posts\/42751\/revisions"}],"wp:featuredmedia":[{"embeddable":true,"href":"https:\/\/www.europesays.com\/pt\/wp-json\/wp\/v2\/media\/42752"}],"wp:attachment":[{"href":"https:\/\/www.europesays.com\/pt\/wp-json\/wp\/v2\/media?parent=42751"}],"wp:term":[{"taxonomy":"category","embeddable":true,"href":"https:\/\/www.europesays.com\/pt\/wp-json\/wp\/v2\/categories?post=42751"},{"taxonomy":"post_tag","embeddable":true,"href":"https:\/\/www.europesays.com\/pt\/wp-json\/wp\/v2\/tags?post=42751"}],"curies":[{"name":"wp","href":"https:\/\/api.w.org\/{rel}","templated":true}]}}