{"id":427798,"date":"2026-06-23T08:58:41","date_gmt":"2026-06-23T08:58:41","guid":{"rendered":"https:\/\/www.europesays.com\/pt\/427798\/"},"modified":"2026-06-23T08:58:41","modified_gmt":"2026-06-23T08:58:41","slug":"o-que-fazer-terca-e-dia-de-entrar-em-modo-sao-joao-e-ir-as-porcelanas-chinesas-lazer","status":"publish","type":"post","link":"https:\/\/www.europesays.com\/pt\/427798\/","title":{"rendered":"O que fazer? Ter\u00e7a \u00e9 dia de entrar em modo S\u00e3o Jo\u00e3o e ir \u00e0s porcelanas chinesas | Lazer"},"content":{"rendered":"<p>Festas de S\u00e3o Jo\u00e3o<\/p>\n<p dir=\"ltr\"><strong>PORTO V\u00e1rios locais. Dia 23\/6, a partir das 18h. Entrada livre (excepto no mercado Time Out, 5\u20ac)<\/strong><\/p>\n<p dir=\"ltr\">Tony Carreira e Quinta do Bill seguidos pelos DJ Fernando Alvim e Dupla Mete C\u00e1 Sets na Avenida dos Aliados (a partir das 20h). Os D.A.M.A. acompanhados pelos \u00daltimos Rom\u00e2nticos no Largo do Amor de Perdi\u00e7\u00e3o (\u00e0 mesma hora). Os Karetus em modo DJ set na zona emblem\u00e1tica da Ribeira do Porto (das 22h30 \u00e0s 24h). E um arraial na pra\u00e7a exterior do Time Out Market, com direito a sardinhas, comida de chef, cerveja, cocktails, m\u00fasica popular, a transmiss\u00e3o do jogo do Mundial entre Portugal e Uzbequist\u00e3o e um baile com Bateu Matou (das 17h \u00e0 1h). Eis algumas coordenadas para celebrar a noite de S\u00e3o Jo\u00e3o na cidade Invicta.<\/p>\n<p>Auto dos Anfitri\u00f5es<\/p>\n<p dir=\"ltr\"><strong>PORTO Museu de Serralves. De 22\/1 a 28\/6. Segunda a sexta, das 10h \u00e0s 19h; s\u00e1bado, domingo e feriados, das 10h \u00e0s 20h. 24\u20ac (acesso a todos os espa\u00e7os da funda\u00e7\u00e3o)<\/strong><\/p>\n<p dir=\"ltr\">\u00daltimos dias para visitar a exposi\u00e7\u00e3o comissariada por Ricardo Nicolau e dedicada a mostrar um conjunto de obras da Colec\u00e7\u00e3o Leal Rios, depositadas em Serralves desde 2021. O t\u00edtulo vai beber \u00e0 pe\u00e7a teatral sa\u00edda da pena de Lu\u00eds Vaz de Cam\u00f5es, por evocar tr\u00eas \u201ccaracter\u00edsticas que singularizam\u201d esta mostra: \u201ca voca\u00e7\u00e3o hospitaleira de Serralves\u201d, \u201ca conflu\u00eancia de tempos e geografias (&#8230;) partilhadas pela dramaturgia e a arte contempor\u00e2nea\u201d e o apelo ao teatro como \u201cforma de iluminar determinados aspectos das pr\u00e1ticas art\u00edsticas contempor\u00e2neas\u201d, enunciam na folha de sala.<\/p>\n<p dir=\"ltr\">Christian Andersson, Becky Beasley, In\u00eas Botelho, Fernando Calhau, D\u00e9nes Farkas, \u00c2ngela Ferreira, Marcius Galan, John Wood &amp; Paul Harrison, Adelina Lopes, Jo\u00e3o Louro, Daniel Malh\u00e3o, Anthony McCall, Susana Mendes Silva, Jonathan Monk, Beno\u00eet-Marie Moriceau, Rui Sanches, Rui Toscano, Francisco Tropa e Lawrence Weiner s\u00e3o alguns dos 24 artistas representados.<\/p>\n<p>Hamlet?<\/p>\n<p dir=\"ltr\"><strong>CASCAIS Parque de Palmela. De 15\/6 a 25\/6. Segunda a sexta, \u00e0s 21h. M\/16. 15\u20ac<\/strong><\/p>\n<p dir=\"ltr\">A Palco13 mergulha no universo de William Shakespeare e leva \u00e0s t\u00e1buas a trag\u00e9dia de Hamlet, o Pr\u00edncipe da Dinamarca. Na vers\u00e3o encenada por Marco Medeiros, acompanha-se a jornada de uma equipa de cinema empenhada em levar o cl\u00e1ssico ao grande ecr\u00e3. Numa rodagem \u201conde a pe\u00e7a acontece na \u00edntegra\u201d, entre \u201censaios, filmagens e bastidores\u201d, come\u00e7am a notar-se tens\u00f5es entre o elenco e a equipa t\u00e9cnica que levar\u00e3o \u00e0 contamina\u00e7\u00e3o de todo o processo criativo, tra\u00e7ando-se um paralelo \u201cinquietante\u201d entre a obra original e os conflitos que marcam a sociedade actual. David Ferreira, Frederico Barata, In\u00eas Barros, Paulo Calatr\u00e9, Paulo Pires, Rita Trist\u00e3o da Silva e Romeu Vala fazem parte do elenco.<\/p>\n<p>A For\u00e7a das Coisas Fr\u00e1geis<\/p>\n<p dir=\"ltr\"><strong>LISBOA Museu do Oriente. Ter\u00e7a a domingo, das 10h \u00e0s 18h (sexta encerra \u00e0s 20h). 10\u20ac; gr\u00e1tis \u00e0 sexta, das 18h \u00e0s 20h<\/strong><\/p>\n<p dir=\"ltr\">Datadas dos s\u00e9culos XVII a XIX, estas 170 pe\u00e7as de porcelana chinesa da Antiga Colec\u00e7\u00e3o Bouza Serrano foram adquiridas pela Funda\u00e7\u00e3o Oriente em 2019 e integradas na exposi\u00e7\u00e3o permanente do museu, no espa\u00e7o dedicado \u00e0 Presen\u00e7a Portuguesa na \u00c1sia. Com decora\u00e7\u00f5es variadas (paisagens, motivos florais, quotidiano familiar, mitologias, f\u00e1bulas), constituem-se como ve\u00edculos de \u201cpoderosas narrativas sobre a sua \u00e9poca\u201d e sobre as rela\u00e7\u00f5es entre o Oriente e o Ocidente.<\/p>\n<p>Arrifaina<\/p>\n<p dir=\"ltr\"><strong>PORTIM\u00c3O Museu de Portim\u00e3o. De 31\/5 a 26\/6. Ter\u00e7a, das 14h30 \u00e0s 18h; quarta a domingo, das 10h \u00e0s 18h. 3\u20ac<\/strong><\/p>\n<p dir=\"ltr\">Inaugurada no \u00e2mbito das comemora\u00e7\u00f5es do Dia Nacional do Pescador, assinalado no calend\u00e1rio a 31 de Maio, a exposi\u00e7\u00e3o fotogr\u00e1fica re\u00fane trabalhos da autoria de Jo\u00e3o Bracourt (n.1971, Figueira da Foz). S\u00e3o imagens captadas a bordo da traineira Arrifana durante uma viagem em alto-mar dedicada \u00e0 faina da sardinha. Objectos como redes de pesca e instrumentos de bordo complementam a mostra.<\/p>\n","protected":false},"excerpt":{"rendered":"Festas de S\u00e3o Jo\u00e3o PORTO V\u00e1rios locais. Dia 23\/6, a partir das 18h. Entrada livre (excepto no mercado&hellip;\n","protected":false},"author":2,"featured_media":427799,"comment_status":"","ping_status":"","sticky":false,"template":"","format":"standard","meta":{"footnotes":"","_share_on_mastodon":"0"},"categories":[10],"tags":[1632,27,28,15,16,287,14,25,26,294,21,22,12,13,19,20,1633,542,32,23,24,33,291,36363,17,18,29,30,31],"class_list":["post-427798","post","type-post","status-publish","format-standard","has-post-thumbnail","category-portugal","tag-agenda","tag-breaking-news","tag-breakingnews","tag-featured-news","tag-featurednews","tag-fugas","tag-headlines","tag-latest-news","tag-latestnews","tag-lazer","tag-main-news","tag-mainnews","tag-news","tag-noticias","tag-noticias-principais","tag-noticiasprincipais","tag-o-que-fazer","tag-para-redes","tag-portugal","tag-principais-noticias","tag-principaisnoticias","tag-pt","tag-relaxar","tag-sao-joao","tag-top-stories","tag-topstories","tag-ultimas","tag-ultimas-noticias","tag-ultimasnoticias"],"share_on_mastodon":{"url":"https:\/\/pubeurope.com\/@pt\/116798600428931733","error":""},"_links":{"self":[{"href":"https:\/\/www.europesays.com\/pt\/wp-json\/wp\/v2\/posts\/427798","targetHints":{"allow":["GET"]}}],"collection":[{"href":"https:\/\/www.europesays.com\/pt\/wp-json\/wp\/v2\/posts"}],"about":[{"href":"https:\/\/www.europesays.com\/pt\/wp-json\/wp\/v2\/types\/post"}],"author":[{"embeddable":true,"href":"https:\/\/www.europesays.com\/pt\/wp-json\/wp\/v2\/users\/2"}],"replies":[{"embeddable":true,"href":"https:\/\/www.europesays.com\/pt\/wp-json\/wp\/v2\/comments?post=427798"}],"version-history":[{"count":0,"href":"https:\/\/www.europesays.com\/pt\/wp-json\/wp\/v2\/posts\/427798\/revisions"}],"wp:featuredmedia":[{"embeddable":true,"href":"https:\/\/www.europesays.com\/pt\/wp-json\/wp\/v2\/media\/427799"}],"wp:attachment":[{"href":"https:\/\/www.europesays.com\/pt\/wp-json\/wp\/v2\/media?parent=427798"}],"wp:term":[{"taxonomy":"category","embeddable":true,"href":"https:\/\/www.europesays.com\/pt\/wp-json\/wp\/v2\/categories?post=427798"},{"taxonomy":"post_tag","embeddable":true,"href":"https:\/\/www.europesays.com\/pt\/wp-json\/wp\/v2\/tags?post=427798"}],"curies":[{"name":"wp","href":"https:\/\/api.w.org\/{rel}","templated":true}]}}