{"id":427920,"date":"2026-06-23T11:07:22","date_gmt":"2026-06-23T11:07:22","guid":{"rendered":"https:\/\/www.europesays.com\/pt\/427920\/"},"modified":"2026-06-23T11:07:22","modified_gmt":"2026-06-23T11:07:22","slug":"toyota-acusada-de-copiar-uma-empresa-africana-de-triciclos-eletricos","status":"publish","type":"post","link":"https:\/\/www.europesays.com\/pt\/427920\/","title":{"rendered":"Toyota acusada de copiar uma empresa africana de triciclos el\u00e9tricos"},"content":{"rendered":"<p>A Toyota est\u00e1 a ser processada pela Mobility for Africa (MFA), que alega ter visto o seu projeto de mobilidade rural ser replicado por uma funda\u00e7\u00e3o ligada \u00e0 gigante japonesa.<\/p>\n<p><a target=\"_blank\" href=\"https:\/\/pplware.sapo.pt\/wp-content\/uploads\/2026\/06\/mfa-hamba-triciclo-eletrico4.jpg\" onclick=\"refreshIframe()\" class=\"foobox\" rel=\"nofollow noopener\"><img fetchpriority=\"high\" decoding=\"async\" src=\"https:\/\/www.europesays.com\/pt\/wp-content\/uploads\/2026\/06\/mfa-hamba-triciclo-eletrico4-720x405.jpg\" alt=\"\" width=\"720\" height=\"405\" class=\"aligncenter size-medium wp-image-1125889\"  \/><\/a>\n<\/p>\n<p>H\u00e1 quem considere que a grande dimens\u00e3o de algumas empresas pode ser usada para &#8220;passar a perna&#8221; a pequenos inovadores, e \u00e9 disso que <a target=\"_blank\" href=\"https:\/\/www.businesswire.com\/news\/home\/20260513336968\/en\/Toyota-African-Foundation-Sued-for-Misappropriating-Mobility-for-Africas-Proprietary-Rural-EV-Technology\" rel=\"nofollow noopener\">est\u00e1 a ser acusada a Toyota<\/a>, uma das maiores fabricantes de autom\u00f3veis do mundo.<\/p>\n<p>A MFA, uma <strong>empresa social<\/strong> que opera principalmente no Zimbabu\u00e9, apresentou uma queixa contra a Toyota Mobility Foundation (TMF), o bra\u00e7o filantr\u00f3pico da marca, e a consultora EXA Innovation Studio.<\/p>\n<p>Segundo o processo, movido a 12 de maio de 2026 no Tribunal Distrital dos Estados Unidos para o Distrito Central da Calif\u00f3rnia, as duas entidades ter-se-\u00e3o <strong>apropriado indevidamente de segredos comerciais, violado contratos e cometido fraude<\/strong>.<\/p>\n<p>O triciclo que nasceu no Zimbabu\u00e9<\/p>\n<p>No centro da disputa est\u00e1 o <a target=\"_blank\" href=\"https:\/\/mobilityforafrica.com\/the-hamba\" rel=\"nofollow noopener\">Hamba<\/a>, um <strong>triciclo el\u00e9trico robusto, carregado a energia solar<\/strong>, desenvolvido pela MFA para responder a uma necessidade muito espec\u00edfica: o <strong>transporte de mercadorias em zonas rurais<\/strong> africanas.<\/p>\n<p><a target=\"_blank\" href=\"https:\/\/pplware.sapo.pt\/wp-content\/uploads\/2026\/06\/mfa-hamba-triciclo-eletrico1.jpg\" onclick=\"refreshIframe()\" class=\"foobox\" rel=\"nofollow noopener\"><img loading=\"lazy\" decoding=\"async\" src=\"https:\/\/www.europesays.com\/pt\/wp-content\/uploads\/2026\/06\/mfa-hamba-triciclo-eletrico1-720x420.jpg\" alt=\"\" width=\"720\" height=\"420\" class=\"aligncenter size-medium wp-image-1125887\"  \/><\/a><\/p>\n<p>Mais do que um ve\u00edculo, a MFA construiu um <strong>ecossistema completo \u00e0 sua volta<\/strong>, com baterias amov\u00edveis, manuten\u00e7\u00e3o simplificada e pontos de carregamento solar pensados para zonas onde a rede el\u00e9trica \u00e9 inst\u00e1vel ou inexistente.<\/p>\n<p>O projeto est\u00e1 implementado no distrito de Wedza, no Zimbabu\u00e9, e foi desenhado <strong>a pensar nas mulheres que sustentam grande parte do trabalho agr\u00edcola e dom\u00e9stico<\/strong> nas comunidades rurais, permitindo-lhes <strong>transportar produtos e mercadorias<\/strong> at\u00e9 aos mercados locais.<\/p>\n<p><a target=\"_blank\" href=\"https:\/\/pplware.sapo.pt\/wp-content\/uploads\/2026\/06\/mfa-hamba-triciclo-eletrico3.jpg\" onclick=\"refreshIframe()\" class=\"foobox\" rel=\"nofollow noopener\"><img loading=\"lazy\" decoding=\"async\" src=\"https:\/\/www.europesays.com\/pt\/wp-content\/uploads\/2026\/06\/mfa-hamba-triciclo-eletrico3-720x405.jpg\" alt=\"\" width=\"720\" height=\"405\" class=\"aligncenter size-medium wp-image-1125890\"  \/><\/a><\/p>\n<p>Toyota foi de parceira a concorrente<\/p>\n<p>Segundo a queixa, a rela\u00e7\u00e3o entre as duas organiza\u00e7\u00f5es come\u00e7ou de forma promissora, com a TMF a aproximar-se da MFA com a <strong>proposta de uma parceria para expandir solu\u00e7\u00f5es de mobilidade<\/strong> semelhantes por outras zonas de \u00c1frica.<\/p>\n<p>Segundo a MFA, foi essa promessa de colabora\u00e7\u00e3o que<strong> a levou a partilhar informa\u00e7\u00e3o confidencial<\/strong>, estrat\u00e9gias operacionais, dados de mercado e conceitos tecnol\u00f3gicos pr\u00f3prios.<\/p>\n<p>Contudo, de acordo com o processo, a TMF e os seus consultores <strong>nunca avan\u00e7aram<\/strong> com a joint venture. Em vez disso, <strong>ter\u00e3o usado o conhecimento<\/strong> <strong>obtido<\/strong> para lan\u00e7ar, com a EXA Innovation Studio, um projeto pr\u00f3prio no Qu\u00e9nia: a Songa Mobility.<\/p>\n<p>A queixa descreve a solu\u00e7\u00e3o comercial da Songa como <strong>&#8220;id\u00eantica&#8221; ao programa que a MFA<\/strong> tinha partilhado com a EXA.<\/p>\n<p>A MFA acrescenta ainda que tinha um contrato com a TMF que <strong>proibia expressamente a partilha da sua propriedade intelectual com terceiros<\/strong>, e que essa cl\u00e1usula ter\u00e1 sido ignorada.<\/p>\n<p><a target=\"_blank\" href=\"https:\/\/pplware.sapo.pt\/wp-content\/uploads\/2026\/06\/mfa-hamba-triciclo-eletrico2.jpg\" onclick=\"refreshIframe()\" class=\"foobox\" rel=\"nofollow noopener\"><img loading=\"lazy\" decoding=\"async\" aria-describedby=\"caption-attachment-1125888\" src=\"https:\/\/www.europesays.com\/pt\/wp-content\/uploads\/2026\/06\/mfa-hamba-triciclo-eletrico2-720x405.jpg\" alt=\"\" width=\"720\" height=\"405\" class=\"wp-image-1125888 size-medium\"  \/><\/a><\/p>\n<p id=\"caption-attachment-1125888\" class=\"wp-caption-text\">A MFA desenvolveu um ve\u00edculo el\u00e9trico de tr\u00eas rodas que os habitantes das zonas rurais do Zimb\u00e1bue utilizam para transportar produtos agr\u00edcolas e outras mercadorias para o mercado. Cr\u00e9dito: Cynthia R. Matonhodze\/<a target=\"_blank\" href=\"https:\/\/www.nytimes.com\/2026\/06\/20\/business\/toyota-africa-electric-vehicles-lawsuit.html\" rel=\"nofollow noopener\">The New York Times <\/a><\/p>\n<p>Segundo a queixa, o resultado foi que <strong>a MFA perdeu a vantagem<\/strong> de criar este mercado e <strong>viu o seu financiamento ser desviado<\/strong>, ao passar a competir diretamente com uma iniciativa concorrente que usa os seus pr\u00f3prios dados.<\/p>\n<blockquote>\n<p>A Toyota gostou de aprender com os nossos anos de trabalho a construir mobilidade el\u00e9trica rural fora da rede no Zimbabu\u00e9. Contudo, em vez de investir nos empreendedores africanos que a criaram, optou por copiar, replicar e controlar aquilo que cri\u00e1mos.<\/p>\n<\/blockquote>\n<p>Acusou Shantha Bloemen, fundadora da MFA, que passou 21 anos a trabalhar na UNICEF antes de criar a empresa, sublinhando que as <strong>empresas lideradas por mulheres recebem historicamente uma fra\u00e7\u00e3o do capital de financiamento atribu\u00eddo a empresas lideradas por homens<\/strong>, e essa disparidade \u00e9 ainda mais acentuada em \u00c1frica.<\/p>\n<p>Segundo a queixa, citada pelo Autoblog, quando levantou preocupa\u00e7\u00f5es junto da Toyota e dos seus consultores, <strong>a empresa ter\u00e1 sido ignorada<\/strong>.<\/p>\n<p>Contactada pelo <a target=\"_blank\" href=\"https:\/\/www.nytimes.com\/2026\/06\/20\/business\/toyota-africa-electric-vehicles-lawsuit.html\" rel=\"nofollow noopener\">The New York Times<\/a>, a TMF disse apenas estar &#8220;a par deste assunto e a investigar&#8221;, n\u00e3o tendo feito mais coment\u00e1rios at\u00e9 ao momento.<\/p>\n","protected":false},"excerpt":{"rendered":"A Toyota est\u00e1 a ser processada pela Mobility for Africa (MFA), que alega ter visto o seu projeto&hellip;\n","protected":false},"author":2,"featured_media":427921,"comment_status":"","ping_status":"","sticky":false,"template":"","format":"standard","meta":{"footnotes":"","_share_on_mastodon":"0"},"categories":[83],"tags":[88,89,90,32,33,502,69449,15598],"class_list":["post-427920","post","type-post","status-publish","format-standard","has-post-thumbnail","category-empresas","tag-business","tag-economy","tag-empresas","tag-portugal","tag-pt","tag-toyota","tag-triciclo","tag-veiculo-eletrico"],"share_on_mastodon":{"url":"https:\/\/pubeurope.com\/@pt\/116799108640034454","error":""},"_links":{"self":[{"href":"https:\/\/www.europesays.com\/pt\/wp-json\/wp\/v2\/posts\/427920","targetHints":{"allow":["GET"]}}],"collection":[{"href":"https:\/\/www.europesays.com\/pt\/wp-json\/wp\/v2\/posts"}],"about":[{"href":"https:\/\/www.europesays.com\/pt\/wp-json\/wp\/v2\/types\/post"}],"author":[{"embeddable":true,"href":"https:\/\/www.europesays.com\/pt\/wp-json\/wp\/v2\/users\/2"}],"replies":[{"embeddable":true,"href":"https:\/\/www.europesays.com\/pt\/wp-json\/wp\/v2\/comments?post=427920"}],"version-history":[{"count":0,"href":"https:\/\/www.europesays.com\/pt\/wp-json\/wp\/v2\/posts\/427920\/revisions"}],"wp:featuredmedia":[{"embeddable":true,"href":"https:\/\/www.europesays.com\/pt\/wp-json\/wp\/v2\/media\/427921"}],"wp:attachment":[{"href":"https:\/\/www.europesays.com\/pt\/wp-json\/wp\/v2\/media?parent=427920"}],"wp:term":[{"taxonomy":"category","embeddable":true,"href":"https:\/\/www.europesays.com\/pt\/wp-json\/wp\/v2\/categories?post=427920"},{"taxonomy":"post_tag","embeddable":true,"href":"https:\/\/www.europesays.com\/pt\/wp-json\/wp\/v2\/tags?post=427920"}],"curies":[{"name":"wp","href":"https:\/\/api.w.org\/{rel}","templated":true}]}}