{"id":428024,"date":"2026-06-23T12:53:17","date_gmt":"2026-06-23T12:53:17","guid":{"rendered":"https:\/\/www.europesays.com\/pt\/428024\/"},"modified":"2026-06-23T12:53:17","modified_gmt":"2026-06-23T12:53:17","slug":"tocantins-recebe-mais-de-12-mil-doses-da-vacina-pneumo-20-para-criancas-de-ate-5-anos-cleber-toledo","status":"publish","type":"post","link":"https:\/\/www.europesays.com\/pt\/428024\/","title":{"rendered":"Tocantins\u00a0recebe mais de 12 mil doses da vacina Pneumo 20 para crian\u00e7as de at\u00e9 5 anos \u2013 Cleber Toledo"},"content":{"rendered":"<p>Crian\u00e7as menores de 5 anos que n\u00e3o completaram o esquema vacinal j\u00e1 podem ser vacinadas pelo Sistema \u00danico de Sa\u00fade (SUS) com a vacina Pneumo 20, que protege contra 20 sorotipos da bact\u00e9ria pneumococcus, causadora de doen\u00e7as graves como pneumonia e meningite. A estrat\u00e9gia nacional de imuniza\u00e7\u00e3o foi lan\u00e7ada no \u00faltimo fim de semana pelo ministro Alexandre Padilha. O\u00a0Tocantins\u00a0recebeu um lote inicial de 12.770 doses do imunizante.<\/p>\n<blockquote class=\"wp-block-quote has-text-align-center is-layout-flow wp-block-quote-is-layout-flow\">\n<p>\u201cEstou muito feliz de a gente poder transformar essa vacina\u00e7\u00e3o em realidade. Eu pude ver as primeiras bebezinhas, com dois meses de idade, j\u00e1 sendo protegidas com essa vacina, que \u00e9 uma vacina que protege contra 20 tipos dessa bact\u00e9ria, que \u00e9 o\u00a0pneumococcus. E como essa vacina \u00e9 muito mais ampla do que a que a gente utilizava, ela vai proteger ainda, contra pneumonia grave e contra meningite\u201d<\/p>\n<p><strong>Alexandre Padilha<\/strong>, ministro da Sa\u00fade<\/p><\/blockquote>\n<p><strong>GRUPOS PRIORIT\u00c1RIOS<\/strong><\/p>\n<ul class=\"wp-block-list\">\n<li>Crian\u00e7as menores de 5 anos;<\/li>\n<li>Povos ind\u00edgenas maiores de 5 anos de idade (sem hist\u00f3rico vacinal com pneumo conjugada);<\/li>\n<li>Idosos com 60 anos ou mais acamados e\/ou institucionalizados;<\/li>\n<li>Pessoas com condi\u00e7\u00f5es cl\u00ednicas especiais, atendidas nos Centros de Refer\u00eancia para Imunobiol\u00f3gicos Especiais (CRIEs).<\/li>\n<\/ul>\n","protected":false},"excerpt":{"rendered":"Crian\u00e7as menores de 5 anos que n\u00e3o completaram o esquema vacinal j\u00e1 podem ser vacinadas pelo Sistema \u00danico&hellip;\n","protected":false},"author":2,"featured_media":428025,"comment_status":"","ping_status":"","sticky":false,"template":"","format":"standard","meta":{"footnotes":"","_share_on_mastodon":"0"},"categories":[86],"tags":[2732,116,32,33,117,7395],"class_list":["post-428024","post","type-post","status-publish","format-standard","has-post-thumbnail","category-saude","tag-geral","tag-health","tag-portugal","tag-pt","tag-saude","tag-tocantins"],"share_on_mastodon":{"url":"https:\/\/pubeurope.com\/@pt\/116799524481969248","error":""},"_links":{"self":[{"href":"https:\/\/www.europesays.com\/pt\/wp-json\/wp\/v2\/posts\/428024","targetHints":{"allow":["GET"]}}],"collection":[{"href":"https:\/\/www.europesays.com\/pt\/wp-json\/wp\/v2\/posts"}],"about":[{"href":"https:\/\/www.europesays.com\/pt\/wp-json\/wp\/v2\/types\/post"}],"author":[{"embeddable":true,"href":"https:\/\/www.europesays.com\/pt\/wp-json\/wp\/v2\/users\/2"}],"replies":[{"embeddable":true,"href":"https:\/\/www.europesays.com\/pt\/wp-json\/wp\/v2\/comments?post=428024"}],"version-history":[{"count":0,"href":"https:\/\/www.europesays.com\/pt\/wp-json\/wp\/v2\/posts\/428024\/revisions"}],"wp:featuredmedia":[{"embeddable":true,"href":"https:\/\/www.europesays.com\/pt\/wp-json\/wp\/v2\/media\/428025"}],"wp:attachment":[{"href":"https:\/\/www.europesays.com\/pt\/wp-json\/wp\/v2\/media?parent=428024"}],"wp:term":[{"taxonomy":"category","embeddable":true,"href":"https:\/\/www.europesays.com\/pt\/wp-json\/wp\/v2\/categories?post=428024"},{"taxonomy":"post_tag","embeddable":true,"href":"https:\/\/www.europesays.com\/pt\/wp-json\/wp\/v2\/tags?post=428024"}],"curies":[{"name":"wp","href":"https:\/\/api.w.org\/{rel}","templated":true}]}}