{"id":428099,"date":"2026-06-23T14:07:20","date_gmt":"2026-06-23T14:07:20","guid":{"rendered":"https:\/\/www.europesays.com\/pt\/428099\/"},"modified":"2026-06-23T14:07:20","modified_gmt":"2026-06-23T14:07:20","slug":"exclusivo-piloto-americano-abatido-no-irao-descreve-visao-chocante-de-medusa-de-drones","status":"publish","type":"post","link":"https:\/\/www.europesays.com\/pt\/428099\/","title":{"rendered":"Exclusivo: piloto americano abatido no Ir\u00e3o descreve vis\u00e3o chocante de &#8220;medusa&#8221; de drones"},"content":{"rendered":"<p>                &#8220;V\u00e1rios drones interligados e a moverem-se como um s\u00f3, com drones mais pequenos por baixo dos maiores, como se fossem pernas&#8221;, conta \u00e0 CNN uma das fontes. &#8220;\u00c9 uma mer*a \u00e0 extraterrestre&#8221;<\/p>\n<p style=\"margin-bottom:11px\">Um piloto de ca\u00e7a norte-americano, que foi resgatado por for\u00e7as especiais depois de ter sido abatido em abril quando sobrevoava o Ir\u00e3o, descreveu uma vis\u00e3o chocante antes de ejetar-se da sua aeronave: v\u00e1rios drones iranianos a pairar no ar, movimentando-se em sincronia, numa forma\u00e7\u00e3o que se assemelhava a uma medusa. O seu relato \u00e9 testemunhado por quatro fontes familiarizadas com o assunto.<\/p>\n<p>O relato, que ainda n\u00e3o tinha sido divulgado, foi partilhado pelo piloto do F-15 com respons\u00e1veis dos servi\u00e7os de informa\u00e7\u00f5es dos EUA durante um interrogat\u00f3rio ap\u00f3s o incidente. Isso desencadeou imediatamente uma tempestade de debates na comunidade de informa\u00e7\u00f5es norte-americana que ainda n\u00e3o foi resolvida.<\/p>\n<p>Se o piloto realmente viu o que descreveu \u2014 uma forma\u00e7\u00e3o a mover-se em unidade \u2014, tal ser\u00e1 um avan\u00e7o alarmante nas capacidades dos drones iranianos.<\/p>\n<p>&#8220;V\u00e1rios drones interligados e a moverem-se como um s\u00f3, com drones mais pequenos por baixo dos maiores, como se fossem pernas&#8221;, conta \u00e0 CNN uma das fontes a par do relato do piloto. &#8220;\u00c9 uma mer*a \u00e0 extraterrestre.&#8221;<\/p>\n<p>Outra fonte diz \u00e0 CNN que o piloto descreveu ter testemunhado um &#8220;campo minado de drones&#8221; no ar.<\/p>\n<p>Embora a causa exata da <a href=\"https:\/\/edition.cnn.com\/2026\/04\/03\/politics\/us-fighter-jet-iran\" target=\"_blank\" rel=\"nofollow noopener\">queda do F-15<\/a> ainda esteja a ser investigada, os relat\u00f3rios iniciais indicam que \u00e9 poss\u00edvel que a forma\u00e7\u00e3o de drones tivesse, de alguma forma, permitido ao Ir\u00e3o abater o jato americano, de acordo com duas das fontes.<\/p>\n<p>O F-15 transportava uma tripula\u00e7\u00e3o de duas pessoas \u2014 um piloto e um oficial de sistemas de armamento. As for\u00e7as norte-americanas lan\u00e7aram imediatamente opera\u00e7\u00f5es de busca e salvamento, como a CNN noticiou <a href=\"https:\/\/edition.cnn.com\/2026\/04\/05\/politics\/american-airman-rescue-mission-trump-iran\" target=\"_blank\" rel=\"nofollow noopener\">anteriormente<\/a>.<\/p>\n<p>Esta queda do ca\u00e7a F-15 representou a primeira vez que uma aeronave norte-americana foi abatida sobre o Ir\u00e3o durante o conflito.<\/p>\n<p>O piloto foi resgatado horas depois de se ejetar da aeronave, enquanto o oficial de sistemas de armamento conseguiu escapar \u00e0 captura iraniana nas montanhas durante mais de um dia, antes de ser tamb\u00e9m resgatado. N\u00e3o \u00e9 claro se o oficial de sistemas de armamento tamb\u00e9m avistou a forma\u00e7\u00e3o de drones.<\/p>\n<p>Uma segunda aeronave, um A-10, foi abatida durante a opera\u00e7\u00e3o de resgate, mas o piloto conseguiu ejetar-se em seguran\u00e7a fora do espa\u00e7o a\u00e9reo iraniano.<\/p>\n<p>Os respons\u00e1veis dos servi\u00e7os secretos norte-americanos discordaram sobre como interpretar o que o piloto do F-15 descreveu e se este conseguiria relatar o incidente com clareza.<\/p>\n<p>Por um lado, ele sofreu uma concuss\u00e3o no acidente. Foi a segunda vez que foi abatido durante a guerra do Ir\u00e3o: tamb\u00e9m tinha estado entre os pilotos abatidos num incidente de &#8220;fogo amigo&#8221; pelas for\u00e7as kuwaitianas no in\u00edcio do conflito, de acordo com duas das fontes.<\/p>\n<p>Teria ele testemunhado uma capacidade avan\u00e7ada da qual os servi\u00e7os de intelig\u00eancia dos EUA n\u00e3o tinham conhecimento? Um teste beta? Uma miragem no deserto?<\/p>\n<p>Os respons\u00e1veis pelos servi\u00e7os de intelig\u00eancia que conduziram o interrogat\u00f3rio disseram algo do tipo: \u00abTem a certeza de que viu o que diz ter visto?&#8221;, relata outra das fontes.<\/p>\n<p>A For\u00e7a A\u00e9rea dos EUA encaminhou as perguntas para o Comando Central dos EUA, que n\u00e3o respondeu diretamente \u00e0s perguntas da CNN. O Gabinete do Diretor de Intelig\u00eancia Nacional n\u00e3o respondeu a um pedido de coment\u00e1rio.<\/p>\n<p>As quest\u00f5es sobre o programa de drones do Ir\u00e3o surgem num momento em que os EUA e Teer\u00e3o negoceiam um acordo que por\u00e1 fim \u00e0 guerra com o Ir\u00e3o, tendo dado in\u00edcio a um per\u00edodo de 60 dias para negocia\u00e7\u00f5es como parte de um cessar-fogo na semana passada. Espera-se que essas negocia\u00e7\u00f5es se centrem no programa nuclear do Ir\u00e3o, embora ambas as partes tenham levantado uma vasta gama de quest\u00f5es.<\/p>\n<p>Embora a capacidade espec\u00edfica dos drones descrita pelo piloto n\u00e3o seja algo que as ag\u00eancias de intelig\u00eancia dos EUA tenham anteriormente avaliado como podendo estar na posse do Ir\u00e3o, h\u00e1 uma s\u00e9rie de relat\u00f3rios que indicam que o Ir\u00e3o tem vindo a receber assist\u00eancia da China e da R\u00fassia no desenvolvimento da sua tecnologia de drones, de acordo com duas fontes familiarizadas com o assunto.<\/p>\n<p>O termo t\u00e9cnico para a capacidade descrita pelo piloto \u00e9 &#8220;rede em malha de muitos&#8221;, segundo as fontes.<\/p>\n<p>Em geral, a rede em malha permite que um operador comande v\u00e1rios drones ao mesmo tempo.<\/p>\n<p>Acredita-se que outros pa\u00edses \u2014 a R\u00fassia e a China \u2014 possuam essa capacidade. Qualquer desenvolvimento no j\u00e1 sofisticado programa de guerra com drones do Ir\u00e3o seria motivo de preocupa\u00e7\u00e3o para as for\u00e7as norte-americanas e os seus aliados na regi\u00e3o.<\/p>\n<p>A rede em malha tamb\u00e9m poder\u00e1, teoricamente, ser utilizada para fornecer conectividade \u00e0 Internet em \u00e1reas remotas sem infraestruturas existentes, observou um respons\u00e1vel norte-americano \u2014 em teoria, uma fun\u00e7\u00e3o benigna.<\/p>\n<p>O Ir\u00e3o utilizou agressivamente os seus drones de ataque como arma assim\u00e9trica durante o conflito que durou v\u00e1rias semanas contra as for\u00e7as norte-americanas e israelitas, bem como contra pa\u00edses vizinhos do Golfo.<\/p>\n<p>&#8220;Vamos gastar enormes, enormes quantias de dinheiro, assim como muito sangue e recursos, para nos protegermos de algo que consiga coordenar-se dessa forma&#8221;, afirmou Emma Bates, especialista em guerra com drones e moderniza\u00e7\u00e3o da defesa que fundou a empresa Cachai, \u00e0 CNN, referindo-se \u00e0 amea\u00e7a representada pelas capacidades de rede em malha para drones.<\/p>\n<p>&#8220;Se for capaz de se coordenar de forma a assumir uma configura\u00e7\u00e3o reconhec\u00edvel e de manter essa configura\u00e7\u00e3o, se tiver explosivos a bordo e se mantiver recursos em reserva para atacar tudo o que a primeira salva n\u00e3o tenha destru\u00eddo \u2014 essa \u00e9 uma abordagem muito eficaz&#8221;, conclui Bates.<\/p>\n<p>\u00a0<\/p>\n<p>Imagem no topo: fotografia divulgada pelos meios de comunica\u00e7\u00e3o estatais iranianos e geolocalizada pela CNN que parece mostrar os destro\u00e7os carbonizados de v\u00e1rias aeronaves, a cerca de 50 quil\u00f3metros da cidade iraniana de Esfahan, a 5 de abril de 2026. Os meios de comunica\u00e7\u00e3o estatais afirmaram que as for\u00e7as iranianas abateram as aeronaves vis\u00edveis nas imagens. Corpo da Guarda Revolucion\u00e1ria Isl\u00e2mica<\/p>\n","protected":false},"excerpt":{"rendered":"&#8220;V\u00e1rios drones interligados e a moverem-se como um s\u00f3, com drones mais pequenos por baixo dos maiores, como&hellip;\n","protected":false},"author":2,"featured_media":428100,"comment_status":"","ping_status":"","sticky":false,"template":"","format":"standard","meta":{"footnotes":"","_share_on_mastodon":"0"},"categories":[50],"tags":[609,836,611,27,28,358,607,608,333,832,604,135,610,837,476,57924,15,16,301,830,14,5453,603,25,26,570,21,22,831,833,62,834,12,13,19,20,835,602,52,32,23,24,839,17,18,29,30,31,63,64,65],"class_list":["post-428099","post","type-post","status-publish","format-standard","has-post-thumbnail","category-mundo","tag-alerta","tag-analise","tag-ao-minuto","tag-breaking-news","tag-breakingnews","tag-china","tag-cnn","tag-cnn-portugal","tag-comentadores","tag-costa","tag-crime","tag-desporto","tag-direto","tag-drones","tag-economia","tag-f-15","tag-featured-news","tag-featurednews","tag-governo","tag-guerra","tag-headlines","tag-irao","tag-justica","tag-latest-news","tag-latestnews","tag-live","tag-main-news","tag-mainnews","tag-mais-vistas","tag-marcelo","tag-mundo","tag-negocios","tag-news","tag-noticias","tag-noticias-principais","tag-noticiasprincipais","tag-opiniao","tag-pais","tag-politica","tag-portugal","tag-principais-noticias","tag-principaisnoticias","tag-russia","tag-top-stories","tag-topstories","tag-ultimas","tag-ultimas-noticias","tag-ultimasnoticias","tag-world","tag-world-news","tag-worldnews"],"share_on_mastodon":{"url":"","error":"Validation failed: Text character limit of 500 exceeded"},"_links":{"self":[{"href":"https:\/\/www.europesays.com\/pt\/wp-json\/wp\/v2\/posts\/428099","targetHints":{"allow":["GET"]}}],"collection":[{"href":"https:\/\/www.europesays.com\/pt\/wp-json\/wp\/v2\/posts"}],"about":[{"href":"https:\/\/www.europesays.com\/pt\/wp-json\/wp\/v2\/types\/post"}],"author":[{"embeddable":true,"href":"https:\/\/www.europesays.com\/pt\/wp-json\/wp\/v2\/users\/2"}],"replies":[{"embeddable":true,"href":"https:\/\/www.europesays.com\/pt\/wp-json\/wp\/v2\/comments?post=428099"}],"version-history":[{"count":0,"href":"https:\/\/www.europesays.com\/pt\/wp-json\/wp\/v2\/posts\/428099\/revisions"}],"wp:featuredmedia":[{"embeddable":true,"href":"https:\/\/www.europesays.com\/pt\/wp-json\/wp\/v2\/media\/428100"}],"wp:attachment":[{"href":"https:\/\/www.europesays.com\/pt\/wp-json\/wp\/v2\/media?parent=428099"}],"wp:term":[{"taxonomy":"category","embeddable":true,"href":"https:\/\/www.europesays.com\/pt\/wp-json\/wp\/v2\/categories?post=428099"},{"taxonomy":"post_tag","embeddable":true,"href":"https:\/\/www.europesays.com\/pt\/wp-json\/wp\/v2\/tags?post=428099"}],"curies":[{"name":"wp","href":"https:\/\/api.w.org\/{rel}","templated":true}]}}