{"id":428434,"date":"2026-06-23T20:23:17","date_gmt":"2026-06-23T20:23:17","guid":{"rendered":"https:\/\/www.europesays.com\/pt\/428434\/"},"modified":"2026-06-23T20:23:17","modified_gmt":"2026-06-23T20:23:17","slug":"moscovo-afirma-que-washington-esta-a-afastar-se-do-seu-papel-de-mediador-imparcial","status":"publish","type":"post","link":"https:\/\/www.europesays.com\/pt\/428434\/","title":{"rendered":"Moscovo afirma que Washington est\u00e1 a afastar-se do seu papel de &#8220;mediador imparcial&#8221;"},"content":{"rendered":"<p>\n                &#8220;<b>Quanto aos Estados Unidos, a julgar pelas suas a\u00e7\u00f5es, parece que est\u00e3o a abandonar qualquer pretens\u00e3o ao papel de mediador imparcial <\/b>e, em vez disso, a <b>procurar intensificar a press\u00e3o das san\u00e7\u00f5es contra a R\u00fassia<\/b>&#8220;, disse Lavrov aos diplomatas estrangeiros em Moscovo.<\/p>\n<p>O chefe da diplomacia russa avan\u00e7ou ainda que <b>Moscovo est\u00e1 pronto para retomar as negocia\u00e7\u00f5es com Kiev<\/b>, a partir do ponto onde foram interrompidas. <\/p>\n<p>&#8220;Estamos prontos para falar com Kiev, como sempre estivemos&#8221;, acrescentou Lavrov, referindo-se \u00e0s negocia\u00e7\u00f5es que tiveram lugar em Istambul pouco depois do in\u00edcio da guerra em 2022 e foram retomadas em 2025.<\/p>\n<p><b>No entanto, n\u00e3o assinalou qualquer altera\u00e7\u00e3o na exig\u00eancia de Moscovo, rejeitada por Kiev, de que a Ucr\u00e2nia entregue a parte restante da regi\u00e3o do Donbas que defendeu com sucesso das for\u00e7as russas.<\/b><\/p>\n<p>O ministro russo afirmou ainda que, ao prestar apoio militar a Kiev, &#8220;a Europa est\u00e1 a tornar-se, mais uma vez, a principal amea\u00e7a \u00e0 paz e \u00e0 seguran\u00e7a globais&#8221;.Negocia\u00e7\u00f5es paradas desde fevereiroDesde o regresso de Donald Trump ao poder, em 2025, que os Estados Unidos se t\u00eam posicionado como mediadores nas negocia\u00e7\u00f5es entre Kiev e Moscovo.<br \/>&#13;<br \/>\n<br \/>&#13;<br \/>\nEstas negocia\u00e7\u00f5es, que at\u00e9 ao momento n\u00e3o produziram qualquer progresso concreto, est\u00e3o paralisadas desde o in\u00edcio da guerra no M\u00e9dio Oriente, no final de fevereiro.<br \/>&#13;<br \/>\nGeralmente relutante em apoiar Kiev, <b>o presidente norte-americano declarou na semana passada, na cimeira do G7 em Fran\u00e7a, que a R\u00fassia &#8220;devia chegar a um acordo&#8221; e que Washington poderia reimpor san\u00e7\u00f5es que tinham sido levantadas.<\/b><\/p>\n<p>A postura de Donald Trump nesta cimeira do G7 foi interpretada como uma mudan\u00e7a inesperada a favor da Ucr\u00e2nia.<\/p>\n<p><b>Durante a cimeira, o presidente dos EUA reuniu-se com o presidente ucraniano, Volodymyr Zelensky, e assinou um documento que promete uma posi\u00e7\u00e3o firme contra Moscovo.<\/b><\/p>\n<p>No final de maio, ap\u00f3s uma grande ofensiva russa contra Kiev, o secret\u00e1rio de Estado Marco Rubio indicou que os Estados Unidos se mantinham prontos para atuar como mediadores neste conflito, o mais sangrento na Europa desde a Segunda Guerra Mundial.<br \/>&#13;\n            <\/p>\n","protected":false},"excerpt":{"rendered":"&#8220;Quanto aos Estados Unidos, a julgar pelas suas a\u00e7\u00f5es, parece que est\u00e3o a abandonar qualquer pretens\u00e3o ao papel&hellip;\n","protected":false},"author":2,"featured_media":428435,"comment_status":"","ping_status":"","sticky":false,"template":"","format":"standard","meta":{"footnotes":"","_share_on_mastodon":"0"},"categories":[50],"tags":[27,28,235,15,16,14,4167,6164,25,26,21,22,4617,62,12,13,19,20,806,23,24,839,12155,17,18,840,29,30,31,63,64,65],"class_list":["post-428434","post","type-post","status-publish","format-standard","has-post-thumbnail","category-mundo","tag-breaking-news","tag-breakingnews","tag-estados-unidos","tag-featured-news","tag-featurednews","tag-headlines","tag-kiev","tag-kremlin","tag-latest-news","tag-latestnews","tag-main-news","tag-mainnews","tag-moscovo","tag-mundo","tag-news","tag-noticias","tag-noticias-principais","tag-noticiasprincipais","tag-paz","tag-principais-noticias","tag-principaisnoticias","tag-russia","tag-sergei-lavrov","tag-top-stories","tag-topstories","tag-ucrania","tag-ultimas","tag-ultimas-noticias","tag-ultimasnoticias","tag-world","tag-world-news","tag-worldnews"],"share_on_mastodon":{"url":"https:\/\/pubeurope.com\/@pt\/116801293990465548","error":""},"_links":{"self":[{"href":"https:\/\/www.europesays.com\/pt\/wp-json\/wp\/v2\/posts\/428434","targetHints":{"allow":["GET"]}}],"collection":[{"href":"https:\/\/www.europesays.com\/pt\/wp-json\/wp\/v2\/posts"}],"about":[{"href":"https:\/\/www.europesays.com\/pt\/wp-json\/wp\/v2\/types\/post"}],"author":[{"embeddable":true,"href":"https:\/\/www.europesays.com\/pt\/wp-json\/wp\/v2\/users\/2"}],"replies":[{"embeddable":true,"href":"https:\/\/www.europesays.com\/pt\/wp-json\/wp\/v2\/comments?post=428434"}],"version-history":[{"count":0,"href":"https:\/\/www.europesays.com\/pt\/wp-json\/wp\/v2\/posts\/428434\/revisions"}],"wp:featuredmedia":[{"embeddable":true,"href":"https:\/\/www.europesays.com\/pt\/wp-json\/wp\/v2\/media\/428435"}],"wp:attachment":[{"href":"https:\/\/www.europesays.com\/pt\/wp-json\/wp\/v2\/media?parent=428434"}],"wp:term":[{"taxonomy":"category","embeddable":true,"href":"https:\/\/www.europesays.com\/pt\/wp-json\/wp\/v2\/categories?post=428434"},{"taxonomy":"post_tag","embeddable":true,"href":"https:\/\/www.europesays.com\/pt\/wp-json\/wp\/v2\/tags?post=428434"}],"curies":[{"name":"wp","href":"https:\/\/api.w.org\/{rel}","templated":true}]}}