{"id":42905,"date":"2025-08-24T13:57:11","date_gmt":"2025-08-24T13:57:11","guid":{"rendered":"https:\/\/www.europesays.com\/pt\/42905\/"},"modified":"2025-08-24T13:57:11","modified_gmt":"2025-08-24T13:57:11","slug":"canoagem-prata-para-portugal-no-k2-500m-nos-mundiais-canoagem","status":"publish","type":"post","link":"https:\/\/www.europesays.com\/pt\/42905\/","title":{"rendered":"Canoagem: prata para Portugal no K2 500m nos Mundiais | Canoagem"},"content":{"rendered":"<p>Est\u00e3o a ser uns Mundiais de canoagem de boa mem\u00f3ria para Jo\u00e3o Ribeiro e Messias Baptista, aqueles que terminam neste domingo em Mil\u00e3o. A dupla portuguesa encerrou a participa\u00e7\u00e3o na competi\u00e7\u00e3o com a medalha de prata no K2 500m, proeza que juntou ao ouro <a href=\"https:\/\/www.publico.pt\/2025\/08\/22\/desporto\/noticia\/canoagem-portugal-sagrase-campeao-mundo-k4-500-2144686?ref=canoagem&amp;cx=page__content\" rel=\"nofollow noopener\" target=\"_blank\">alcan\u00e7ado no K4 500m<\/a>, numa final muito equilibrada.<\/p>\n<p>A partir da pista seis, Jo\u00e3o Ribeiro e Messias Baptista fizeram uma prova de alto n\u00edvel, quase sempre na frente. Passaram a meio da regata, aos 250m, em primeiro lugar, com 42,31 segundos, e discutiram o triunfo at\u00e9 aos \u00faltimos metros com a dupla h\u00fangara Kurucz\/Nadas, que acabou por ser mais forte na ponta final e levar o ouro.<\/p>\n<p>A Hungria terminou a prova em 1m28,28s, menos 0,16 segundos do que Portugal, tendo a Alemanha encerrado o p\u00f3dio a 0,66 segundos do vencedor.<\/p>\n<p>Esta tripula\u00e7\u00e3o portuguesa tinha-se sagrado <a href=\"https:\/\/www.publico.pt\/2023\/08\/27\/desporto\/noticia\/canoagem-joao-ribeiro-messias-baptista-campeoes-mundo-k2500-metros-2061367\" rel=\"nofollow noopener\" target=\"_blank\">campe\u00e3 do mundo em 2023<\/a>, em Duisburgo, precisamente nesta dist\u00e2ncia, e esteve muito perto de repetir o feito agora em It\u00e1lia, com mais uma presta\u00e7\u00e3o de alto n\u00edvel, que elevou para tr\u00eas as medalhas de Portugal neste evento.<\/p>\n<p>        &#13;<\/p>\n<p>&#13;<br \/>\n                &#13;\n            <\/p>\n<p>&#13;<\/p>\n","protected":false},"excerpt":{"rendered":"Est\u00e3o a ser uns Mundiais de canoagem de boa mem\u00f3ria para Jo\u00e3o Ribeiro e Messias Baptista, aqueles que&hellip;\n","protected":false},"author":2,"featured_media":42906,"comment_status":"","ping_status":"","sticky":false,"template":"","format":"standard","meta":{"footnotes":""},"categories":[87],"tags":[6026,8491,135,1867,32,33,134],"class_list":{"0":"post-42905","1":"post","2":"type-post","3":"status-publish","4":"format-standard","5":"has-post-thumbnail","7":"category-desporto","8":"tag-campeonato-do-mundo","9":"tag-canoagem","10":"tag-desporto","11":"tag-outras-modalidades","12":"tag-portugal","13":"tag-pt","14":"tag-sports"},"share_on_mastodon":{"url":"","error":""},"_links":{"self":[{"href":"https:\/\/www.europesays.com\/pt\/wp-json\/wp\/v2\/posts\/42905","targetHints":{"allow":["GET"]}}],"collection":[{"href":"https:\/\/www.europesays.com\/pt\/wp-json\/wp\/v2\/posts"}],"about":[{"href":"https:\/\/www.europesays.com\/pt\/wp-json\/wp\/v2\/types\/post"}],"author":[{"embeddable":true,"href":"https:\/\/www.europesays.com\/pt\/wp-json\/wp\/v2\/users\/2"}],"replies":[{"embeddable":true,"href":"https:\/\/www.europesays.com\/pt\/wp-json\/wp\/v2\/comments?post=42905"}],"version-history":[{"count":0,"href":"https:\/\/www.europesays.com\/pt\/wp-json\/wp\/v2\/posts\/42905\/revisions"}],"wp:featuredmedia":[{"embeddable":true,"href":"https:\/\/www.europesays.com\/pt\/wp-json\/wp\/v2\/media\/42906"}],"wp:attachment":[{"href":"https:\/\/www.europesays.com\/pt\/wp-json\/wp\/v2\/media?parent=42905"}],"wp:term":[{"taxonomy":"category","embeddable":true,"href":"https:\/\/www.europesays.com\/pt\/wp-json\/wp\/v2\/categories?post=42905"},{"taxonomy":"post_tag","embeddable":true,"href":"https:\/\/www.europesays.com\/pt\/wp-json\/wp\/v2\/tags?post=42905"}],"curies":[{"name":"wp","href":"https:\/\/api.w.org\/{rel}","templated":true}]}}