{"id":429107,"date":"2026-06-24T14:02:20","date_gmt":"2026-06-24T14:02:20","guid":{"rendered":"https:\/\/www.europesays.com\/pt\/429107\/"},"modified":"2026-06-24T14:02:20","modified_gmt":"2026-06-24T14:02:20","slug":"veja-como-esta-hoje-helen-slater-a-supergirl-dos-anos-80-r7-entretenimento","status":"publish","type":"post","link":"https:\/\/www.europesays.com\/pt\/429107\/","title":{"rendered":"Veja como est\u00e1 hoje Helen Slater, a Supergirl dos anos 80 \u2013 R7 Entretenimento"},"content":{"rendered":"<p>LEIA AQUI O RESUMO DA NOT\u00cdCIA<\/p>\n<ul class=\"b-article-body-custom-embed-brief-news__list\" style=\"margin: 0; padding-left: 20px; list-style-type: disc;\">\n<li>Helen Slater estrelou como Supergirl em 1984, mas o filme foi um fracasso de bilheteria.<\/li>\n<li>O filme n\u00e3o conseguiu alavancar a carreira de Helen, que participou de outros filmes e s\u00e9ries de TV.<\/li>\n<li>Slater continuou ligada ao universo do Superman, atuando em produ\u00e7\u00f5es como Smallville e Supergirl.<\/li>\n<li>Al\u00e9m de atriz, Helen Slater \u00e9 m\u00fasica, escritora e possui doutorado em Estudos Mitol\u00f3gicos.<\/li>\n<\/ul>\n<p style=\"font-size: 0.8em; font-style: italic; text-align: right; margin-top: 15px; padding-bottom: 5px; margin-bottom: 0;\">Produzido pela Ri7a &#8211; a Intelig\u00eancia Artificial do R7<\/p>\n<p><img decoding=\"async\" data-chromatic=\"ignore\" alt=\"\" class=\"c-image\" loading=\"lazy\" src=\"https:\/\/www.europesays.com\/pt\/wp-content\/uploads\/2026\/06\/TOQ344AOSRBV3DNAIT3ZY3JUKA.jpg\"  width=\"771\" height=\"419\"\/>Helen Slater em dois momentos: em 1984 e em 2025 Reprodu\u00e7\u00e3o\/&#8217;Supergirl&#8217; e Reprodu\u00e7\u00e3o\/Instagram\/@helenrslater <\/p>\n<p class=\"jarvics:base-text-neutral-high-400 xovem:base-text-dark-high-400 base-text-[calc(theme(fontSize.xs)_*_var(--font-size,_1))] base-font-normal base-font-primary base-text-neutral-low-500 base-text-left\"><b>Supergirl<\/b> \u00e9 a grande estreia da semana no <a href=\"https:\/\/www.r7.com\/tudo-sobre\/cinema\/\" target=\"_self\" rel=\"nofollow noopener\" title=\"https:\/\/www.r7.com\/tudo-sobre\/cinema\/\">cinema<\/a>. O filme que chega \u00e0s salas brasileiras nesta quinta-feira (25) \u00e9 o segundo a trazer a <b>prima do Superman<\/b> para as telonas como protagonista. Em 1984, coube \u00e0 jovem atriz <b>Helen Slater<\/b> vestir a fantasia da filha pr\u00f3diga de Krypton.<\/p>\n<p class=\"jarvics:base-text-neutral-high-400 xovem:base-text-dark-high-400 base-text-[calc(theme(fontSize.xs)_*_var(--font-size,_1))] base-font-normal base-font-primary base-text-neutral-low-500 base-text-left\">Para azar dela, o filme foi um tremendo fracasso, mesmo contando com um elenco de apoio de peso, com Faye Dunaway, Peter O\u2019Toole e Mia Farrow em pap\u00e9is secund\u00e1rios.<\/p>\n<p>O que deu errado no filme<\/p>\n<p class=\"jarvics:base-text-neutral-high-400 xovem:base-text-dark-high-400 base-text-[calc(theme(fontSize.xs)_*_var(--font-size,_1))] base-font-normal base-font-primary base-text-neutral-low-500 base-text-left\">Depois do sucesso dos dois primeiros filmes do Superman, os produtores Alexander e Ilya Salkind queriam expandir a franquia com um spin-off da Supergirl. A ideia era introduzir a personagem em <b>Superman III<\/b> para depois dar um filme solo para ela.<\/p>\n<p class=\"jarvics:base-text-neutral-high-400 xovem:base-text-dark-high-400 base-text-[calc(theme(fontSize.xs)_*_var(--font-size,_1))] base-font-normal base-font-primary base-text-neutral-low-500 base-text-left\">Mas tudo deu errado. A Supergirl foi cortada de Superman III e o filme foi um baita fracasso. Para piorar, Christopher Reeves se recusou a participar de Supergirl, obrigando uma mudan\u00e7a dr\u00e1stica no roteiro. <\/p>\n<p class=\"jarvics:base-text-neutral-high-400 xovem:base-text-dark-high-400 base-text-[calc(theme(fontSize.xs)_*_var(--font-size,_1))] base-font-normal base-font-primary base-text-neutral-low-500 base-text-left\">Para o papel principal, os produtores queriam contratar uma atriz novata. Helen foi a primeira a fazer o teste e acabou conseguindo o papel, que marcou a sua estreia no cinema.<\/p>\n<p class=\"jarvics:base-text-neutral-high-400 xovem:base-text-dark-high-400 base-text-[calc(theme(fontSize.xs)_*_var(--font-size,_1))] base-font-normal base-font-primary base-text-neutral-low-500 base-text-left\">A atua\u00e7\u00e3o dela \u00e9 fraca, mas est\u00e1 longe de ser a culpada pelo fracasso do filme. A trama \u00e9 bem confusa, misturando magia, um artefato poderoso e um tri\u00e2ngulo amoroso sem sal.<\/p>\n<p>A carreira de Helen Slater<\/p>\n<p class=\"jarvics:base-text-neutral-high-400 xovem:base-text-dark-high-400 base-text-[calc(theme(fontSize.xs)_*_var(--font-size,_1))] base-font-normal base-font-primary base-text-neutral-low-500 base-text-left\">Supergirl n\u00e3o conseguiu catapultar a carreira da atriz. Ela foi coadjuvante de alguns filmes de relativo sucesso do final dos anos 80 e 90, como <b>O Segredo do Meu Sucesso<\/b>, <b>Por Favor, Matem Minha Mulher<\/b> e <b>Amigos, Sempre Amigos<\/b>.<\/p>\n<p class=\"jarvics:base-text-neutral-high-400 xovem:base-text-dark-high-400 base-text-[calc(theme(fontSize.xs)_*_var(--font-size,_1))] base-font-normal base-font-primary base-text-neutral-low-500 base-text-left\">Al\u00e9m disso, Helen fez pequenas participa\u00e7\u00f5es em diversas s\u00e9ries, como <b>Seinfeld<\/b>, <b>Mad Men<\/b>, <b>Supernatural<\/b>, <b>Grey\u2019s Anatomy<\/b> e <b>Will &amp; Grace<\/b>.<\/p>\n<p class=\"jarvics:base-text-neutral-high-400 xovem:base-text-dark-high-400 base-text-[calc(theme(fontSize.xs)_*_var(--font-size,_1))] base-font-normal base-font-primary base-text-neutral-low-500 base-text-left\">A atriz tamb\u00e9m atuou em muita coisa relacionada ao Superman. Ela foi <b>Lara-El<\/b> (a m\u00e3e kryptoniana do Superman) em <b>Smallville<\/b>, deu a voz a <b>Martha Kent<\/b> (a m\u00e3e terr\u00e1quea do Superman) na anima\u00e7\u00e3o <b>DC Super Hero Girls<\/b> e interpretou <b>Eliza Danvers<\/b> (a m\u00e3e adotiva da Supergirl) na s\u00e9rie <b>Supergirl<\/b>.<\/p>\n<p>E como ela est\u00e1 hoje<\/p>\n<p class=\"jarvics:base-text-neutral-high-400 xovem:base-text-dark-high-400 base-text-[calc(theme(fontSize.xs)_*_var(--font-size,_1))] base-font-normal base-font-primary base-text-neutral-low-500 base-text-left\">Helen Slater, hoje com 62 anos, segue atuando. No m\u00eas passado, ela apareceu em um epis\u00f3dio da s\u00e9rie <b>The Rookie<\/b>. J\u00e1 o seu \u00faltimo filme, <b>Entre Amigas &#8211; De Volta ao Passado<\/b>, foi lan\u00e7ado em 2023.<\/p>\n<p class=\"jarvics:base-text-neutral-high-400 xovem:base-text-dark-high-400 base-text-[calc(theme(fontSize.xs)_*_var(--font-size,_1))] base-font-normal base-font-primary base-text-neutral-low-500 base-text-left\">Fora das artes (ela tamb\u00e9m \u00e9 m\u00fasica e escritora), Helen Slater possui um doutorado em Estudos Mitol\u00f3gicos, com \u00eanfase em Psicologia Profunda. Ela defendeu sua tese de doutorado, intitulada Taking a Seat in the Awakened Heart: The Archetypal Nature of Refuge (Tomando Assento no Cora\u00e7\u00e3o Desperto: A Natureza Arquet\u00edpica do Ref\u00fagio, em tradu\u00e7\u00e3o livre), em outubro de 2023.<\/p>\n<p class=\"jarvics:base-text-neutral-high-400 xovem:base-text-dark-high-400 base-text-[calc(theme(fontSize.xs)_*_var(--font-size,_1))] base-font-normal base-font-primary base-text-neutral-low-500 base-text-left\">\ud83d\udc49 <b>Siga o Cinema de Segunda no <\/b><a href=\"https:\/\/www.instagram.com\/cinemadesegunda\/\" target=\"_blank\" rel=\"nofollow noopener\" title=\"https:\/\/www.instagram.com\/cinemadesegunda\/\"><b>Instagram<\/b><\/a><b>, no <\/b><a href=\"https:\/\/www.youtube.com\/@CinemadeSegunda\" target=\"_blank\" rel=\"nofollow noopener\" title=\"https:\/\/www.youtube.com\/@CinemadeSegunda\"><b>YouTube<\/b><\/a><b> e no <\/b><a href=\"https:\/\/www.tiktok.com\/@cinemadesegunda\" target=\"_blank\" rel=\"nofollow noopener\" title=\"https:\/\/www.tiktok.com\/@cinemadesegunda\"><b>TikTok<\/b><\/a><b>!<\/b><\/p>\n<p class=\"jarvics:base-text-neutral-high-400 xovem:base-text-dark-high-400 base-text-[calc(theme(fontSize.xs)_*_var(--font-size,_1))] base-font-normal base-font-primary base-text-neutral-low-500 base-text-left\"><b>\u2705Para saber tudo do mundo dos famosos, <\/b><a href=\"https:\/\/whatsapp.com\/channel\/0029Va9UfKcHQbRyCyhPt71R\" rel=\"nofollow noopener\" title=\"https:\/\/whatsapp.com\/channel\/0029Va9UfKcHQbRyCyhPt71R\" target=\"_blank\"><b>siga o canal de entretenimento do R7<\/b><\/a><b>, o portal de not\u00edcias da Record, no WhatsApp<\/b><\/p>\n<p>Os textos aqui publicados <strong>n\u00e3o refletem<\/strong> necessariamente a opini\u00e3o do<strong> Grupo Record<\/strong>.<\/p>\n<p><script async src=\"\/\/www.instagram.com\/embed.js\"><\/script><script async src=\"\/\/www.tiktok.com\/embed.js\"><\/script><\/p>\n","protected":false},"excerpt":{"rendered":"LEIA AQUI O RESUMO DA NOT\u00cdCIA Helen Slater estrelou como Supergirl em 1984, mas o filme foi um&hellip;\n","protected":false},"author":2,"featured_media":429108,"comment_status":"","ping_status":"","sticky":false,"template":"","format":"standard","meta":{"footnotes":"","_share_on_mastodon":"0"},"categories":[145],"tags":[211,210,470,5932,2670,114,115,32,33],"class_list":["post-429107","post","type-post","status-publish","format-standard","has-post-thumbnail","category-celebridades","tag-celebridades","tag-celebrities","tag-cinema","tag-cultura-pop","tag-dc-comics","tag-entertainment","tag-entretenimento","tag-portugal","tag-pt"],"share_on_mastodon":{"url":"https:\/\/pubeurope.com\/@pt\/116805458653784135","error":""},"_links":{"self":[{"href":"https:\/\/www.europesays.com\/pt\/wp-json\/wp\/v2\/posts\/429107","targetHints":{"allow":["GET"]}}],"collection":[{"href":"https:\/\/www.europesays.com\/pt\/wp-json\/wp\/v2\/posts"}],"about":[{"href":"https:\/\/www.europesays.com\/pt\/wp-json\/wp\/v2\/types\/post"}],"author":[{"embeddable":true,"href":"https:\/\/www.europesays.com\/pt\/wp-json\/wp\/v2\/users\/2"}],"replies":[{"embeddable":true,"href":"https:\/\/www.europesays.com\/pt\/wp-json\/wp\/v2\/comments?post=429107"}],"version-history":[{"count":0,"href":"https:\/\/www.europesays.com\/pt\/wp-json\/wp\/v2\/posts\/429107\/revisions"}],"wp:featuredmedia":[{"embeddable":true,"href":"https:\/\/www.europesays.com\/pt\/wp-json\/wp\/v2\/media\/429108"}],"wp:attachment":[{"href":"https:\/\/www.europesays.com\/pt\/wp-json\/wp\/v2\/media?parent=429107"}],"wp:term":[{"taxonomy":"category","embeddable":true,"href":"https:\/\/www.europesays.com\/pt\/wp-json\/wp\/v2\/categories?post=429107"},{"taxonomy":"post_tag","embeddable":true,"href":"https:\/\/www.europesays.com\/pt\/wp-json\/wp\/v2\/tags?post=429107"}],"curies":[{"name":"wp","href":"https:\/\/api.w.org\/{rel}","templated":true}]}}