{"id":429301,"date":"2026-06-24T17:17:17","date_gmt":"2026-06-24T17:17:17","guid":{"rendered":"https:\/\/www.europesays.com\/pt\/429301\/"},"modified":"2026-06-24T17:17:17","modified_gmt":"2026-06-24T17:17:17","slug":"saiba-detalhes-da-vacinacao-infantil-contra-pneumonia-e-meningite","status":"publish","type":"post","link":"https:\/\/www.europesays.com\/pt\/429301\/","title":{"rendered":"Saiba detalhes da vacina\u00e7\u00e3o infantil contra pneumonia e meningite"},"content":{"rendered":"<p>Est\u00e1 na hora de botar a <strong>caderneta de vacina\u00e7\u00e3o<\/strong> em dia. Lan\u00e7ado no \u00faltimo final de semana, o <strong>imunizante Pneumo 20<\/strong> \u2014 que <strong>protege contra<\/strong> vinte sorotipos da bact\u00e9ria causadora de <strong>pneumonia e meningite<\/strong> \u2014 est\u00e1 <strong>dispon\u00edvel<\/strong> no <strong>SUS<\/strong> para <strong>crian\u00e7as menores de cinco anos<\/strong>.\u00a0<\/p>\n<p><a href=\"https:\/\/assine.abril.com.br\/?redirect=abrilcom\" rel=\"nofollow noopener\" target=\"_blank\">+ Para receber VEJA Rio em casa, clique aqui<\/a><\/p>\n<p>Segundo o <strong>Minist\u00e9rio da Sa\u00fade<\/strong>, a previs\u00e3o \u00e9 disponibilizar at\u00e9 <strong>6,1 milh\u00f5es de doses<\/strong> ao longo do ano em escala nacional. No <strong>Rio<\/strong>, at\u00e9 o momento foram distribu\u00eddas mais de <strong>36 000<\/strong> unidades para <strong>aplica\u00e7\u00f5es em todo estado<\/strong>. A <strong>Pneumo 20<\/strong> \u00e9 o quarto imunol\u00f3gico incorporado ao <strong>calend\u00e1rio infantil<\/strong> pelo <strong>SUS<\/strong>. Na <strong>rede particular<\/strong>, as vacinas ultrapassam o custo de <strong>500 reais<\/strong>.\u00a0<\/p>\n<p>A nova vacina <strong>amplia<\/strong> a <strong>prote\u00e7\u00e3o imunol\u00f3gica<\/strong> contra os tipos 3, 6A e 19A, que podem causar <strong>pneumonia invasiva<\/strong>. Tamb\u00e9m atua na <strong>preven\u00e7\u00e3o<\/strong> da <strong>otite m\u00e9dia<\/strong>, que pode levar \u00e0 perda da audi\u00e7\u00e3o e infec\u00e7\u00e3o generalizada em casos mais graves.<\/p>\n<p>\n                            Receba gratuitamente as melhores dicas de programa\u00e7\u00e3o cultural no Rio.<br \/>\n                                <strong><br \/>\n                                    Inscreva-se aqui<br \/>\n                                <\/strong>para receber a nossa newsletter<\/p>\n<p>                            Cadastro efetuado com sucesso!<\/p>\n<p>Voc\u00ea receber\u00e1 nossas newsletters pela manh\u00e3 de segunda a sexta-feira.<\/p>\n<p>    Continua ap\u00f3s a publicidade<\/p>\n<p>\u00a0<\/p>\n<p>Atualmente, o <strong>SUS<\/strong> disponibiliza a <strong>vacina\u00e7\u00e3o conjugada<\/strong> da Pneumo 10, Pneumo 13 e polissacar\u00eddica 23. Com a <strong>incorpora\u00e7\u00e3o<\/strong> da <strong>Pneumo 20<\/strong>, o <strong>Minist\u00e9rio da Sa\u00fade<\/strong> far\u00e1 uma <strong>transi\u00e7\u00e3o<\/strong> para substituir os imunizantes. A nova vacina j\u00e1 est\u00e1 dispon\u00edvel para <strong>grupos priorit\u00e1rios<\/strong> como: <strong>crian\u00e7as menores de cinco anos<\/strong>; <strong>povos ind\u00edgenas<\/strong> maiores de cinco anos sem esquema vacinal com pneumo conjugada; <strong>idosos<\/strong> com mais de 60 anos; <strong>pessoas<\/strong> com <strong>condi\u00e7\u00f5es cl\u00ednicas<\/strong> especiais atendidas pelos Centros de Refer\u00eancia para Imunobiol\u00f3gicos Especiais.\u00a0<\/p>\n<p>Durante a<strong> fase de transi\u00e7\u00e3o<\/strong>, o<strong> esquema de vacina\u00e7\u00e3o<\/strong> funcionar\u00e1 da seguinte forma: uma dose da Pneumo 20 aos <strong>dois meses<\/strong> de idade, seguida de uma dose da Pneumo 10 aos <strong>quatro meses<\/strong> e do refor\u00e7o da Pneumo 20 aos <strong>doze meses<\/strong>. J\u00e1 para os imunizantes VPC13 e VPP23 ser\u00e3o adotadas outras estrat\u00e9gias at\u00e9 o t\u00e9rmino dos estoques.\u00a0<\/p>\n<p>De acordo com a <strong>Organiza\u00e7\u00e3o Mundial da Sa\u00fade<\/strong> (OMS), as patologias pneumoc\u00f3cicas s\u00e3o as maiores causas de mortalidade infantil por doen\u00e7a preven\u00edvel. Entre 2023 e 2025, foram registrados <strong>4 600 casos de meningite pneumoc\u00f3cica<\/strong> e <strong>1,4 milh\u00e3o de \u00f3bitos<\/strong> no Brasil \u2014 <strong>taxa de letalidade<\/strong> superior a 30%. J\u00e1 entre crian\u00e7as, o n\u00famero foi de 616 casos e 188 mortes no mesmo per\u00edodo.\u00a0<\/p>\n<p>Al\u00e9m da preven\u00e7\u00e3o, uma das <strong>expectativas<\/strong> da vacina\u00e7\u00e3o em ampla escala \u00e9 a <strong>redu\u00e7\u00e3o dos custos<\/strong> com <strong>interna\u00e7\u00f5es<\/strong>, tratamentos em <strong>UTIs<\/strong>, manejo de sequelas e reabilita\u00e7\u00e3o. Entre 2024 e outubro de 2025, <strong>34 000 pessoas<\/strong> foram <strong>atendidas no SUS<\/strong> em decorr\u00eancia de doen\u00e7as causadas pela bact\u00e9ria pneumococcus, com infec\u00e7\u00f5es graves, pneumonia e meningite. Entre crian\u00e7as de at\u00e9 cinco anos, foram computados 365 casos somente no \u00faltimo ano.\u00a0<\/p>\n","protected":false},"excerpt":{"rendered":"Est\u00e1 na hora de botar a caderneta de vacina\u00e7\u00e3o em dia. Lan\u00e7ado no \u00faltimo final de semana, o&hellip;\n","protected":false},"author":2,"featured_media":429302,"comment_status":"","ping_status":"","sticky":false,"template":"","format":"standard","meta":{"footnotes":"","_share_on_mastodon":"0"},"categories":[86],"tags":[116,3209,2879,32,33,117,4806,2820],"class_list":["post-429301","post","type-post","status-publish","format-standard","has-post-thumbnail","category-saude","tag-health","tag-infantil","tag-pneumonia","tag-portugal","tag-pt","tag-saude","tag-sistema-unico-de-saude","tag-vacinacao"],"share_on_mastodon":{"url":"https:\/\/pubeurope.com\/@pt\/116806224889197342","error":""},"_links":{"self":[{"href":"https:\/\/www.europesays.com\/pt\/wp-json\/wp\/v2\/posts\/429301","targetHints":{"allow":["GET"]}}],"collection":[{"href":"https:\/\/www.europesays.com\/pt\/wp-json\/wp\/v2\/posts"}],"about":[{"href":"https:\/\/www.europesays.com\/pt\/wp-json\/wp\/v2\/types\/post"}],"author":[{"embeddable":true,"href":"https:\/\/www.europesays.com\/pt\/wp-json\/wp\/v2\/users\/2"}],"replies":[{"embeddable":true,"href":"https:\/\/www.europesays.com\/pt\/wp-json\/wp\/v2\/comments?post=429301"}],"version-history":[{"count":0,"href":"https:\/\/www.europesays.com\/pt\/wp-json\/wp\/v2\/posts\/429301\/revisions"}],"wp:featuredmedia":[{"embeddable":true,"href":"https:\/\/www.europesays.com\/pt\/wp-json\/wp\/v2\/media\/429302"}],"wp:attachment":[{"href":"https:\/\/www.europesays.com\/pt\/wp-json\/wp\/v2\/media?parent=429301"}],"wp:term":[{"taxonomy":"category","embeddable":true,"href":"https:\/\/www.europesays.com\/pt\/wp-json\/wp\/v2\/categories?post=429301"},{"taxonomy":"post_tag","embeddable":true,"href":"https:\/\/www.europesays.com\/pt\/wp-json\/wp\/v2\/tags?post=429301"}],"curies":[{"name":"wp","href":"https:\/\/api.w.org\/{rel}","templated":true}]}}