{"id":429559,"date":"2026-06-24T21:20:15","date_gmt":"2026-06-24T21:20:15","guid":{"rendered":"https:\/\/www.europesays.com\/pt\/429559\/"},"modified":"2026-06-24T21:20:15","modified_gmt":"2026-06-24T21:20:15","slug":"vai-ter-novela-na-globo-hoje-producoes-saem-do-ar-em-dia-de-jogo-do-brasil-confira-programacao","status":"publish","type":"post","link":"https:\/\/www.europesays.com\/pt\/429559\/","title":{"rendered":"Vai ter novela na Globo hoje? Produ\u00e7\u00f5es saem do ar em dia de jogo do Brasil; confira programa\u00e7\u00e3o"},"content":{"rendered":"<p><img  loading=\"lazy\" class=\"lazy-load-img\"\/><\/p>\n<p>Pilar (Isabel teixeira) em &#8216;Quem Ama Cuida&#8217;\u00a0Foto:  Globo\/Divulga\u00e7\u00e3o<\/p>\n<p data-component-name=\"paragraph\" class=\"styles__ParagraphStyled-sc-6adecn-0 geGWDE theme-default  \">Os torcedores brasileiros t\u00eam um compromisso marcado nesta quarta-feira, 24: acompanhar a partida entre Brasil e Esc\u00f3cia pela \u00faltima rodada da fase de grupos da <a href=\"https:\/\/www.estadao.com.br\/esportes\/copa-do-mundo\/?srsltid=AfmBOoroDqfSf_YGLn6xtKdntbPJcWni6JU8KnTEvgVUbuO9VOLLuaKU\" target=\"_blank\" rel=\"nofollow noopener\" title=\"https:\/\/www.estadao.com.br\/esportes\/copa-do-mundo\/?srsltid=AfmBOoroDqfSf_YGLn6xtKdntbPJcWni6JU8KnTEvgVUbuO9VOLLuaKU\"><strong>Copa do Mundo de 2026<\/strong><\/a>. Com a bola rolando a partir das 19h, a cobertura especial do torneio provoca mudan\u00e7as na programa\u00e7\u00e3o da Globo.<\/p>\n<p data-component-name=\"paragraph\" class=\"styles__ParagraphStyled-sc-6adecn-0 geGWDE theme-default  \">As altera\u00e7\u00f5es afetam diretamente os f\u00e3s de novelas, que precisar\u00e3o ficar atentos \u00e0 grade. As principais produ\u00e7\u00f5es deixam de ser exibidas excepcionalmente nesta noite, enquanto outras ter\u00e3o seus hor\u00e1rios ajustados para acomodar a transmiss\u00e3o esportiva. <\/p>\n<p>Leia tamb\u00e9m <\/p>\n<p>Quais novelas ser\u00e3o exibidas hoje?<\/p>\n<p>Os telespectadores n\u00e3o ver\u00e3o cap\u00edtulos de<a href=\"https:\/\/www.estadao.com.br\/tudo-sobre\/a-nobreza-do-amor-novela\/\" target=\"_blank\" rel=\"nofollow noopener\" title=\"https:\/\/www.estadao.com.br\/tudo-sobre\/a-nobreza-do-amor-novela\/\"><strong> <\/strong><strong>A Nobreza do Amor<\/strong><\/a>, <a href=\"https:\/\/www.estadao.com.br\/tudo-sobre\/coracao-acelerado-telenovela\/\" target=\"_blank\" rel=\"nofollow noopener\" title=\"https:\/\/www.estadao.com.br\/tudo-sobre\/coracao-acelerado-telenovela\/\"><strong>Cora\u00e7\u00e3o Acelerado<\/strong><\/a> e <a href=\"https:\/\/www.estadao.com.br\/tudo-sobre\/quem-ama-cuida-novela\/\" target=\"_blank\" rel=\"nofollow noopener\" title=\"https:\/\/www.estadao.com.br\/tudo-sobre\/quem-ama-cuida-novela\/\"><strong>Quem Ama Cuida<\/strong><\/a> nesta quarta-feira, 24. As tr\u00eas produ\u00e7\u00f5es saem da grade para dar espa\u00e7o \u00e0 cobertura das partidas entre Brasil e Esc\u00f3cia, \u00e0s 19h, e entre Rep\u00fablica Tcheca e M\u00e9xico, \u00e0s 21h45.<\/p>\n<p><strong>Al\u00e9m do Tempo<\/strong> seguir\u00e1 normalmente com exibi\u00e7\u00e3o a partir das 15h. J\u00e1 <a href=\"https:\/\/www.estadao.com.br\/tudo-sobre\/avenida-brasil-sao-paulo\/\" target=\"_blank\" rel=\"nofollow noopener\" title=\"https:\/\/www.estadao.com.br\/tudo-sobre\/avenida-brasil-sao-paulo\/\"><strong>Avenida Brasil<\/strong><\/a> ser\u00e1 antecipada para as 15h40.<\/p>\n<p>Como fica a programa\u00e7\u00e3o da Globo?<\/p>\n<p data-component-name=\"paragraph\" class=\"styles__ParagraphStyled-sc-6adecn-0 geGWDE theme-default  \">A cobertura esportiva come\u00e7a ainda no in\u00edcio da noite. Confira os principais hor\u00e1rios:<\/p>\n<ul>\n<li class=\" \">Al\u00e9m do Tempo &#8211; 15h<\/li>\n<li class=\" \">Avenida Brasil &#8211; 15h40<\/li>\n<li class=\" \"><b>A Nobreza do Amor<\/b><b> \u2014 n\u00e3o ser\u00e1 exibida<\/b><\/li>\n<li class=\" \"><b>Cora\u00e7\u00e3o Acelerado<\/b><b> \u2014 n\u00e3o ser\u00e1 exibida<\/b><\/li>\n<li class=\" \">Pr\u00e9-Hora Copa do Mundo 2026 \u2014 16h45<\/li>\n<li class=\" \">Brasil x Esc\u00f3cia \u2014 19h<\/li>\n<li class=\" \">Jornal Nacional \u2014 21h10<\/li>\n<li class=\" \"><b>Quem Ama Cuida<\/b><b> \u2014 n\u00e3o ser\u00e1 exibida<\/b><\/li>\n<\/ul>\n<p>Onde assistir a Brasil x Esc\u00f3cia?<\/p>\n<p data-component-name=\"paragraph\" class=\"styles__ParagraphStyled-sc-6adecn-0 geGWDE theme-default  \">Os torcedores ter\u00e3o diversas op\u00e7\u00f5es para acompanhar a partida ao vivo. O duelo entre Brasil e Esc\u00f3cia ser\u00e1 transmitido pela TV aberta, TV fechada e plataformas digitais.<\/p>\n<p data-component-name=\"paragraph\" class=\"styles__ParagraphStyled-sc-6adecn-0 geGWDE theme-default  \">Confira onde assistir:<\/p>\n<ul>\n<li class=\" \">Globo<\/li>\n<li class=\" \">SBT<\/li>\n<li class=\" \">Caz\u00e9TV<\/li>\n<li class=\" \">YouTube (sinal da Caz\u00e9TV)<\/li>\n<li class=\" \">Disney+ (sinal da Caz\u00e9TV)<\/li>\n<li class=\" \">SporTV<\/li>\n<li class=\" \">Globoplay (sinal da Globo)<\/li>\n<\/ul>\n","protected":false},"excerpt":{"rendered":"Pilar (Isabel teixeira) em &#8216;Quem Ama Cuida&#8217;\u00a0Foto: Globo\/Divulga\u00e7\u00e3o Os torcedores brasileiros t\u00eam um compromisso marcado nesta quarta-feira, 24:&hellip;\n","protected":false},"author":2,"featured_media":429560,"comment_status":"","ping_status":"","sticky":false,"template":"","format":"standard","meta":{"footnotes":"","_share_on_mastodon":"0"},"categories":[142],"tags":[114,115,24513,32,33,151],"class_list":["post-429559","post","type-post","status-publish","format-standard","has-post-thumbnail","category-tv","tag-entertainment","tag-entretenimento","tag-fotostill","tag-portugal","tag-pt","tag-tv"],"share_on_mastodon":{"url":"https:\/\/pubeurope.com\/@pt\/116807180346918252","error":""},"_links":{"self":[{"href":"https:\/\/www.europesays.com\/pt\/wp-json\/wp\/v2\/posts\/429559","targetHints":{"allow":["GET"]}}],"collection":[{"href":"https:\/\/www.europesays.com\/pt\/wp-json\/wp\/v2\/posts"}],"about":[{"href":"https:\/\/www.europesays.com\/pt\/wp-json\/wp\/v2\/types\/post"}],"author":[{"embeddable":true,"href":"https:\/\/www.europesays.com\/pt\/wp-json\/wp\/v2\/users\/2"}],"replies":[{"embeddable":true,"href":"https:\/\/www.europesays.com\/pt\/wp-json\/wp\/v2\/comments?post=429559"}],"version-history":[{"count":0,"href":"https:\/\/www.europesays.com\/pt\/wp-json\/wp\/v2\/posts\/429559\/revisions"}],"wp:featuredmedia":[{"embeddable":true,"href":"https:\/\/www.europesays.com\/pt\/wp-json\/wp\/v2\/media\/429560"}],"wp:attachment":[{"href":"https:\/\/www.europesays.com\/pt\/wp-json\/wp\/v2\/media?parent=429559"}],"wp:term":[{"taxonomy":"category","embeddable":true,"href":"https:\/\/www.europesays.com\/pt\/wp-json\/wp\/v2\/categories?post=429559"},{"taxonomy":"post_tag","embeddable":true,"href":"https:\/\/www.europesays.com\/pt\/wp-json\/wp\/v2\/tags?post=429559"}],"curies":[{"name":"wp","href":"https:\/\/api.w.org\/{rel}","templated":true}]}}