{"id":429770,"date":"2026-06-25T02:24:31","date_gmt":"2026-06-25T02:24:31","guid":{"rendered":"https:\/\/www.europesays.com\/pt\/429770\/"},"modified":"2026-06-25T02:24:31","modified_gmt":"2026-06-25T02:24:31","slug":"seis-empresas-portuguesas-no-ranking-da-time-das-empresas-mais-sustentaveis-do-mundo","status":"publish","type":"post","link":"https:\/\/www.europesays.com\/pt\/429770\/","title":{"rendered":"Seis empresas portuguesas no ranking da Time das empresas mais sustent\u00e1veis do mundo"},"content":{"rendered":"<p>        A EDP lidera a representa\u00e7\u00e3o nacional, ocupando a 10.\u00aa posi\u00e7\u00e3o entre as 750 empresas avaliadas. Seguem-se a Jer\u00f3nimo Martins (128.\u00ba), a NOS (367.\u00ba), a Sonae (376.\u00ba), a REN (483.\u00ba) e a Altri (495.\u00ba)    <\/p>\n<p>H\u00e1 seis empresas portuguesas figuram no ranking World\u2019s Most Sustainable Companies 2026 da revista Time, em parceria com a Statista. A EDP lidera a representa\u00e7\u00e3o nacional, ocupando a 10.\u00aa posi\u00e7\u00e3o entre as 750 empresas avaliadas. Seguem-se a Jer\u00f3nimo Martins (128.\u00ba), a NOS (367.\u00ba), a Sonae (376.\u00ba), a REN (483.\u00ba) e a Altri (495.\u00ba).<\/p>\n<p>Este ranking \u00e9 elaborado pela revista norte-americana TIME em colabora\u00e7\u00e3o com a Statista, e envolve um\u00a0exaustivo trabalho de an\u00e1lise\u00a0que se inicia com a sele\u00e7\u00e3o das 5.000 maiores e mais influentes empresas em todo o mundo, tendo em considera\u00e7\u00e3o o volume de neg\u00f3cios, capitaliza\u00e7\u00e3o bolsista e a notoriedade p\u00fablica. S\u00e3o quatro etapas que levam \u00e0 sele\u00e7\u00e3o das 750 empresas mais sustent\u00e1veis, avaliadas com base em mais de 20 indicadores-chave.<\/p>\n<p>A Time, em colabora\u00e7\u00e3o com a Statista, elabora um ranking global das empresas \u201cmais sustent\u00e1veis\u201d, partindo de um universo inicial de cerca de 5.000 grandes empresas internacionais, das quais apenas cerca de 750 s\u00e3o selecionadas na fase final.<\/p>\n<p>A empresa n\u00famero 1 no <a href=\"https:\/\/time.com\/article\/2026\/06\/23\/worlds-most-sustainable-companies-2026\/\" target=\"_blank\" rel=\"noopener nofollow\">ranking World\u2019s Most Sustainable Companies 2026<\/a> da revista Time e da Statista \u00e9 a Schneider Electric. A companhia francesa de engenharia e tecnologia conquistou o topo da lista com uma pontua\u00e7\u00e3o global de 97,58. A n\u00famero dois \u00e9 a japonesa NRI, de \u201cProfessional Services\u201d e a n\u00famero tr\u00eas e a italiana Moncler, de \u201cApparel, Footwear &amp; Sporting Goods\u201d.<\/p>\n<p>Em comunicado a Altri refere que integra pela segunda vez consecutiva o ranking das empresas mais sustent\u00e1veis do mundo em 2026, ocupando o 495\u00ba lugar, com uma pontua\u00e7\u00e3o de 70,87 tendo melhorado a sua pontua\u00e7\u00e3o em 11,15 pontos quando comparado com o ranking de 2025. O Grupo Altri tem vindo anualmente a superar as classifica\u00e7\u00f5es nos mais diferentes ratings de ESG.<\/p>\n<p>Destaque para a NOS que\u00a0 \u00e9 a \u00fanica empresa de telecomunica\u00e7\u00f5es nacional distinguida, registando um aumento de 11,88 pontos face ao ano anterior. Em 2025, utilizou 93% de eletricidade renov\u00e1vel, reduziu 81% das emiss\u00f5es de \u00e2mbito 1 e 2 face a 2019, e reutilizou 94% dos equipamentos recolhidos.<\/p>\n","protected":false},"excerpt":{"rendered":"A EDP lidera a representa\u00e7\u00e3o nacional, ocupando a 10.\u00aa posi\u00e7\u00e3o entre as 750 empresas avaliadas. Seguem-se a Jer\u00f3nimo&hellip;\n","protected":false},"author":2,"featured_media":429771,"comment_status":"","ping_status":"","sticky":false,"template":"","format":"standard","meta":{"footnotes":"","_share_on_mastodon":"0"},"categories":[83],"tags":[88,89,90,32,33,3204,1120,69672],"class_list":["post-429770","post","type-post","status-publish","format-standard","has-post-thumbnail","category-empresas","tag-business","tag-economy","tag-empresas","tag-portugal","tag-pt","tag-sustentabilidade","tag-time","tag-worlds-most-sustainable-companies-2026"],"share_on_mastodon":{"url":"https:\/\/pubeurope.com\/@pt\/116808375796951211","error":""},"_links":{"self":[{"href":"https:\/\/www.europesays.com\/pt\/wp-json\/wp\/v2\/posts\/429770","targetHints":{"allow":["GET"]}}],"collection":[{"href":"https:\/\/www.europesays.com\/pt\/wp-json\/wp\/v2\/posts"}],"about":[{"href":"https:\/\/www.europesays.com\/pt\/wp-json\/wp\/v2\/types\/post"}],"author":[{"embeddable":true,"href":"https:\/\/www.europesays.com\/pt\/wp-json\/wp\/v2\/users\/2"}],"replies":[{"embeddable":true,"href":"https:\/\/www.europesays.com\/pt\/wp-json\/wp\/v2\/comments?post=429770"}],"version-history":[{"count":0,"href":"https:\/\/www.europesays.com\/pt\/wp-json\/wp\/v2\/posts\/429770\/revisions"}],"wp:featuredmedia":[{"embeddable":true,"href":"https:\/\/www.europesays.com\/pt\/wp-json\/wp\/v2\/media\/429771"}],"wp:attachment":[{"href":"https:\/\/www.europesays.com\/pt\/wp-json\/wp\/v2\/media?parent=429770"}],"wp:term":[{"taxonomy":"category","embeddable":true,"href":"https:\/\/www.europesays.com\/pt\/wp-json\/wp\/v2\/categories?post=429770"},{"taxonomy":"post_tag","embeddable":true,"href":"https:\/\/www.europesays.com\/pt\/wp-json\/wp\/v2\/tags?post=429770"}],"curies":[{"name":"wp","href":"https:\/\/api.w.org\/{rel}","templated":true}]}}