{"id":430165,"date":"2026-06-25T12:49:21","date_gmt":"2026-06-25T12:49:21","guid":{"rendered":"https:\/\/www.europesays.com\/pt\/430165\/"},"modified":"2026-06-25T12:49:21","modified_gmt":"2026-06-25T12:49:21","slug":"erc-da-72-horas-a-livemodetv-para-registo-como-servico-audiovisual-a-pedido-no-mundial-2026","status":"publish","type":"post","link":"https:\/\/www.europesays.com\/pt\/430165\/","title":{"rendered":"ERC d\u00e1 72 horas \u00e0 LiveModeTV para registo como servi\u00e7o audiovisual a pedido no Mundial 2026"},"content":{"rendered":"<p>A Entidade Reguladora para a Comunica\u00e7\u00e3o Social (ERC) deu um prazo de 72 horas \u00e0 plataforma LiveModeTV, que transmite jogos de futebol do Mundial2026 em Portugal, para proceder ao registo no regulador enquanto servi\u00e7o audiovisual a pedido (&#8216;streaming&#8217;).<\/p>\n<p>Esta nova delibera\u00e7\u00e3o segue-se a uma primeira decis\u00e3o, datada de 16 de junho, na qual a ERC entendia que a plataforma LiveModeTV estava sujeita a registo obrigat\u00f3rio no regulador enquanto \u00f3rg\u00e3o de comunica\u00e7\u00e3o social.<\/p>\n<p>De acordo com a anterior an\u00e1lise da ERC, a plataforma apresentava \u201ccaracter\u00edsticas pr\u00f3prias de um servi\u00e7o de comunica\u00e7\u00e3o social organizado editorialmente, incluindo identidade visual e editorial pr\u00f3pria, programa\u00e7\u00e3o estruturada, responsabilidade editorial sobre os conte\u00fados, presen\u00e7a de apresentadores e comentadores, bem como explora\u00e7\u00e3o econ\u00f3mica do servi\u00e7o\u201d.<\/p>\n<p>Contudo, na nova delibera\u00e7\u00e3o de 22 de junho, a ERC refere que face \u00e0 &#8220;reconfigura\u00e7\u00e3o material do projeto&#8221; da LiveModeTV, deixou de se verificar a &#8220;exist\u00eancia de um servi\u00e7o de programas televisivo, designadamente a organiza\u00e7\u00e3o de uma grelha de programa\u00e7\u00e3o linear, cont\u00ednua e unit\u00e1ria&#8221;.<\/p>\n<p>O regulador acrescenta que as altera\u00e7\u00f5es comunicadas pela LiveModeTV, a 19 e 22 de junho, e o in\u00edcio das emiss\u00f5es do Mundial de Futebol, &#8220;permitem conferir um novo \u00e2ngulo sobre a qualifica\u00e7\u00e3o dos servi\u00e7os a disponibilizar&#8221; pela plataforma. \u00a0\u00a0\u00a0<\/p>\n<p>Segundo a ERC, o modelo atual da plataforma consiste na oferta de conte\u00fados audiovisuais organizados em &#8216;playlists&#8217; e sec\u00e7\u00f5es tem\u00e1ticas, disponibiliza\u00e7\u00e3o cont\u00ednua de v\u00eddeos gravados, acesso livre e individualizado pelo utilizador e aus\u00eancia de grelha de programa\u00e7\u00e3o linear cont\u00ednua.<\/p>\n<p>&#8220;Esta estrutura corresponde, em termos funcionais, a uma forma de organiza\u00e7\u00e3o de conte\u00fados audiovisuais suscet\u00edvel de integrar o conceito de servi\u00e7o audiovisual a pedido&#8221;, sustentado &#8220;por publicidade (Advertising Video On demand- AVOD), atrav\u00e9s de plataformas de terceiros (OTT \u2013 over the top)&#8221;, l\u00ea-se ainda na delibera\u00e7\u00e3o.<\/p>\n<p>&#8220;Embora exista uma componente linear durante a transmiss\u00e3o dos eventos desportivos, esta assume natureza funcionalmente limitada ao per\u00edodo de realiza\u00e7\u00e3o desses eventos, n\u00e3o constituindo uma programa\u00e7\u00e3o linear permanente suscet\u00edvel de caracterizar autonomamente um servi\u00e7o de programas televisivo&#8221;, acrescenta o documento.<\/p>\n<p>Assim, a ERC considera que altera\u00e7\u00f5es introduzidas ao servi\u00e7o afastam a qualifica\u00e7\u00e3o como Web TV, &#8220;mas n\u00e3o permitem afastar a qualifica\u00e7\u00e3o de um servi\u00e7o de comunica\u00e7\u00e3o audiovisual \u2013 na modalidade de SAP -, o qual exige registo pr\u00e9vio na ERC antes de iniciar a atividade&#8221;.<\/p>\n<p>A LiveModeTV divulgou em 11 de junho, quando arrancou o Mundial2026 que decorre nos Estados Unidos, no M\u00e9xico e no Canad\u00e1, que iria transmitir 34 jogos da competi\u00e7\u00e3o, incluindo todos da sele\u00e7\u00e3o portuguesa.<\/p>\n<p>Na nota de imprensa, a plataforma destacou que est\u00e1 dispon\u00edvel em Portugal na rede social YouTube e na Prime Video, e que \u201cal\u00e9m do jogo do dia de cada jornada, ter\u00e1 v\u00e1rias horas de programa\u00e7\u00e3o dedicada ao Campeonato do Mundo 2026, contando com cerca de 8 horas di\u00e1rias\u201d.<\/p>\n<p>A LiveModeTV apresentou-se como uma \u201cplataforma de transmiss\u00e3o digital que combina futebol de alto n\u00edvel com uma experi\u00eancia interativa e pr\u00f3xima dos f\u00e3s\u201d.<\/p>\n","protected":false},"excerpt":{"rendered":"A Entidade Reguladora para a Comunica\u00e7\u00e3o Social (ERC) deu um prazo de 72 horas \u00e0 plataforma LiveModeTV, que&hellip;\n","protected":false},"author":2,"featured_media":430166,"comment_status":"","ping_status":"","sticky":false,"template":"","format":"standard","meta":{"footnotes":"","_share_on_mastodon":"0"},"categories":[142],"tags":[4098,114,115,789,524,715,32,33,151],"class_list":["post-430165","post","type-post","status-publish","format-standard","has-post-thumbnail","category-tv","tag-comunicacao-social","tag-entertainment","tag-entretenimento","tag-erc","tag-futebol","tag-media","tag-portugal","tag-pt","tag-tv"],"share_on_mastodon":{"url":"https:\/\/pubeurope.com\/@pt\/116810833398953641","error":""},"_links":{"self":[{"href":"https:\/\/www.europesays.com\/pt\/wp-json\/wp\/v2\/posts\/430165","targetHints":{"allow":["GET"]}}],"collection":[{"href":"https:\/\/www.europesays.com\/pt\/wp-json\/wp\/v2\/posts"}],"about":[{"href":"https:\/\/www.europesays.com\/pt\/wp-json\/wp\/v2\/types\/post"}],"author":[{"embeddable":true,"href":"https:\/\/www.europesays.com\/pt\/wp-json\/wp\/v2\/users\/2"}],"replies":[{"embeddable":true,"href":"https:\/\/www.europesays.com\/pt\/wp-json\/wp\/v2\/comments?post=430165"}],"version-history":[{"count":0,"href":"https:\/\/www.europesays.com\/pt\/wp-json\/wp\/v2\/posts\/430165\/revisions"}],"wp:featuredmedia":[{"embeddable":true,"href":"https:\/\/www.europesays.com\/pt\/wp-json\/wp\/v2\/media\/430166"}],"wp:attachment":[{"href":"https:\/\/www.europesays.com\/pt\/wp-json\/wp\/v2\/media?parent=430165"}],"wp:term":[{"taxonomy":"category","embeddable":true,"href":"https:\/\/www.europesays.com\/pt\/wp-json\/wp\/v2\/categories?post=430165"},{"taxonomy":"post_tag","embeddable":true,"href":"https:\/\/www.europesays.com\/pt\/wp-json\/wp\/v2\/tags?post=430165"}],"curies":[{"name":"wp","href":"https:\/\/api.w.org\/{rel}","templated":true}]}}