{"id":430222,"date":"2026-06-25T14:06:12","date_gmt":"2026-06-25T14:06:12","guid":{"rendered":"https:\/\/www.europesays.com\/pt\/430222\/"},"modified":"2026-06-25T14:06:12","modified_gmt":"2026-06-25T14:06:12","slug":"obesidade-custa-ate-r-446-bilhoes-por-ano-aos-cofres-publicos-do-brasil-diz-estudo","status":"publish","type":"post","link":"https:\/\/www.europesays.com\/pt\/430222\/","title":{"rendered":"Obesidade custa at\u00e9 R$ 44,6 bilh\u00f5es por ano aos cofres p\u00fablicos do Brasil, diz estudo"},"content":{"rendered":"<p>\n                                                                                                            A preval\u00eancia do sobrepeso ou obesidade pode ter um custo equivalente a R$ 41,7 bilh\u00f5es e R$ 44,6 bilh\u00f5es por ano aos cofres p\u00fablicos brasileiros, o <strong>equivalente a 2% do PIB (Produto Interno Bruto)<\/strong> nacional, aponta an\u00e1lise conduzida pelo Instituto Cordial, realizador do Painel Brasileiro da Obesidade.                                                                                                    <\/p>\n<p>Continue sua leitura, escolha seu plano agora!<\/p>\n","protected":false},"excerpt":{"rendered":"A preval\u00eancia do sobrepeso ou obesidade pode ter um custo equivalente a R$ 41,7 bilh\u00f5es e R$ 44,6&hellip;\n","protected":false},"author":2,"featured_media":430223,"comment_status":"","ping_status":"","sticky":false,"template":"","format":"standard","meta":{"footnotes":"","_share_on_mastodon":"0"},"categories":[86],"tags":[69733,69732,69734,116,17396,69735,11196,1022,3658,69736,32,21070,33,2946,117,1130],"class_list":["post-430222","post","type-post","status-publish","format-standard","has-post-thumbnail","category-saude","tag-arrecadau00e7u00e3o-tributu00e1ria","tag-custos-pu00fablicos","tag-doenu00e7as-associadas","tag-health","tag-imc","tag-impacto-cultural","tag-mercado-de-trabalho","tag-obesidade","tag-pib","tag-polu00edticas-pu00fablicas","tag-portugal","tag-prevenu00e7u00e3o","tag-pt","tag-sau00fade","tag-saude","tag-tratamento"],"share_on_mastodon":{"url":"https:\/\/pubeurope.com\/@pt\/116811136095356139","error":""},"_links":{"self":[{"href":"https:\/\/www.europesays.com\/pt\/wp-json\/wp\/v2\/posts\/430222","targetHints":{"allow":["GET"]}}],"collection":[{"href":"https:\/\/www.europesays.com\/pt\/wp-json\/wp\/v2\/posts"}],"about":[{"href":"https:\/\/www.europesays.com\/pt\/wp-json\/wp\/v2\/types\/post"}],"author":[{"embeddable":true,"href":"https:\/\/www.europesays.com\/pt\/wp-json\/wp\/v2\/users\/2"}],"replies":[{"embeddable":true,"href":"https:\/\/www.europesays.com\/pt\/wp-json\/wp\/v2\/comments?post=430222"}],"version-history":[{"count":0,"href":"https:\/\/www.europesays.com\/pt\/wp-json\/wp\/v2\/posts\/430222\/revisions"}],"wp:featuredmedia":[{"embeddable":true,"href":"https:\/\/www.europesays.com\/pt\/wp-json\/wp\/v2\/media\/430223"}],"wp:attachment":[{"href":"https:\/\/www.europesays.com\/pt\/wp-json\/wp\/v2\/media?parent=430222"}],"wp:term":[{"taxonomy":"category","embeddable":true,"href":"https:\/\/www.europesays.com\/pt\/wp-json\/wp\/v2\/categories?post=430222"},{"taxonomy":"post_tag","embeddable":true,"href":"https:\/\/www.europesays.com\/pt\/wp-json\/wp\/v2\/tags?post=430222"}],"curies":[{"name":"wp","href":"https:\/\/api.w.org\/{rel}","templated":true}]}}