{"id":430342,"date":"2026-06-25T16:27:25","date_gmt":"2026-06-25T16:27:25","guid":{"rendered":"https:\/\/www.europesays.com\/pt\/430342\/"},"modified":"2026-06-25T16:27:25","modified_gmt":"2026-06-25T16:27:25","slug":"mulher-mantida-em-cativeiro-12-anos-pelo-marido-no-paquistao-observador","status":"publish","type":"post","link":"https:\/\/www.europesays.com\/pt\/430342\/","title":{"rendered":"Mulher mantida em cativeiro 12 anos pelo marido no Paquist\u00e3o \u2013 Observador"},"content":{"rendered":"<p><strong>Sylvie Yasmina<\/strong> casou-se em 2003 e viveu na Austr\u00e1lia at\u00e9 2014, ano em que se mudou para o Paquist\u00e3o, com o marido e os dois filhos mais velhos. Desde ent\u00e3o, a cidad\u00e3 francesa ter\u00e1 permanecido sem qualquer contacto com o exterior, alegadamente mantida em cativeiro pelo marido durante cerca de 12 anos. Na segunda-feira, a pol\u00edcia local anunciou o resgate de Sylvie e dos seus agora cinco filhos, bem como a deten\u00e7\u00e3o do homem, que foi acusado de viol\u00eancia dom\u00e9stica e tortura.<\/p>\n<p>Um dos filhos do casal, segundo a <a href=\"https:\/\/www.bbc.com\/news\/articles\/cj0g71pnv3no\" rel=\"nofollow noopener\" target=\"_blank\">BBC<\/a>, conseguiu fugir para apresentar queixa na esquadra da pol\u00edcia de Bara, uma cidade na prov\u00edncia montanhosa de Khyber Pakhtunkhwa. Sylvie Yasmina e os filhos foram encontrados num quarto \u201cextremamente deteriorado\u201d, <strong>com hematomas no corpo<\/strong>.<\/p>\n<p>\u201cDe acordo com a mulher, ela n\u00e3o tinha permiss\u00e3o para ver ningu\u00e9m, os seus dois filhos mais velhos faltavam \u00e0s aulas, enquanto os tr\u00eas filhos mais novos nasceram no Paquist\u00e3o e nunca foram matriculados na escola\u201d, relatou um funcion\u00e1rio da pol\u00edcia \u00e0 <a href=\"https:\/\/www.bbc.com\/urdu\" rel=\"nofollow noopener\" target=\"_blank\">BBC Urdu<\/a>.<\/p>\n<p>Em declara\u00e7\u00f5es prestadas \u00e0s autoridades, a cidad\u00e3 francesa afirmou que o marido agredia a sua fam\u00edlia f\u00edsica e psicologicamente e descreveu-o como um homem \u201c<strong>muito violento<\/strong>\u201c.<\/p>\n<p>\u201cFomos privados da nossa liberdade, o meu marido n\u00e3o cuidou de n\u00f3s como devia, como marido e pai dos meus filhos. Bate-nos e pressiona-nos diariamente\u201d, escreveu no depoimento, citado pela emissora. \u201cSenti que o meu futuro j\u00e1 estava arruinado, e o futuro das crian\u00e7as tamb\u00e9m estaria\u201d, admitiu.<\/p>\n<p>Entretanto, Sylvie Yasmina e os filhos foram levados para um <strong>abrigo para mulheres<\/strong>\u00a0e planeiam regressar \u00e0 Fran\u00e7a. Embora as autoridades n\u00e3o tenham identificado o seu marido, um cidad\u00e3o paquistan\u00eas, dizem que o homem \u201cresidia ilegalmente\u201d na Austr\u00e1lia, pa\u00eds onde o casal se conheceu.<\/p>\n","protected":false},"excerpt":{"rendered":"Sylvie Yasmina casou-se em 2003 e viveu na Austr\u00e1lia at\u00e9 2014, ano em que se mudou para o&hellip;\n","protected":false},"author":2,"featured_media":430343,"comment_status":"","ping_status":"","sticky":false,"template":"","format":"standard","meta":{"footnotes":"","_share_on_mastodon":"0"},"categories":[50],"tags":[27,28,445,15,16,2104,14,25,26,21,22,62,12,13,19,20,37858,23,24,17,18,3546,29,30,31,63,64,65],"class_list":["post-430342","post","type-post","status-publish","format-standard","has-post-thumbnail","category-mundo","tag-breaking-news","tag-breakingnews","tag-europa","tag-featured-news","tag-featurednews","tag-franu00e7a","tag-headlines","tag-latest-news","tag-latestnews","tag-main-news","tag-mainnews","tag-mundo","tag-news","tag-noticias","tag-noticias-principais","tag-noticiasprincipais","tag-paquistu00e3o","tag-principais-noticias","tag-principaisnoticias","tag-top-stories","tag-topstories","tag-u00c1sia","tag-ultimas","tag-ultimas-noticias","tag-ultimasnoticias","tag-world","tag-world-news","tag-worldnews"],"share_on_mastodon":{"url":"https:\/\/pubeurope.com\/@pt\/116811690539588446","error":""},"_links":{"self":[{"href":"https:\/\/www.europesays.com\/pt\/wp-json\/wp\/v2\/posts\/430342","targetHints":{"allow":["GET"]}}],"collection":[{"href":"https:\/\/www.europesays.com\/pt\/wp-json\/wp\/v2\/posts"}],"about":[{"href":"https:\/\/www.europesays.com\/pt\/wp-json\/wp\/v2\/types\/post"}],"author":[{"embeddable":true,"href":"https:\/\/www.europesays.com\/pt\/wp-json\/wp\/v2\/users\/2"}],"replies":[{"embeddable":true,"href":"https:\/\/www.europesays.com\/pt\/wp-json\/wp\/v2\/comments?post=430342"}],"version-history":[{"count":0,"href":"https:\/\/www.europesays.com\/pt\/wp-json\/wp\/v2\/posts\/430342\/revisions"}],"wp:featuredmedia":[{"embeddable":true,"href":"https:\/\/www.europesays.com\/pt\/wp-json\/wp\/v2\/media\/430343"}],"wp:attachment":[{"href":"https:\/\/www.europesays.com\/pt\/wp-json\/wp\/v2\/media?parent=430342"}],"wp:term":[{"taxonomy":"category","embeddable":true,"href":"https:\/\/www.europesays.com\/pt\/wp-json\/wp\/v2\/categories?post=430342"},{"taxonomy":"post_tag","embeddable":true,"href":"https:\/\/www.europesays.com\/pt\/wp-json\/wp\/v2\/tags?post=430342"}],"curies":[{"name":"wp","href":"https:\/\/api.w.org\/{rel}","templated":true}]}}