{"id":430417,"date":"2026-06-25T17:39:39","date_gmt":"2026-06-25T17:39:39","guid":{"rendered":"https:\/\/www.europesays.com\/pt\/430417\/"},"modified":"2026-06-25T17:39:39","modified_gmt":"2026-06-25T17:39:39","slug":"russia-vai-cortar-energia-na-crimeia-devido-a-ataques-ucranianos-economia","status":"publish","type":"post","link":"https:\/\/www.europesays.com\/pt\/430417\/","title":{"rendered":"R\u00fassia vai cortar energia na Crimeia devido a ataques ucranianos &#8211; Economia"},"content":{"rendered":"<p class=\"\">&#13;<br \/>\n        A R\u00fassia anunciou esta quinta-feira que ser\u00e3o feitos cortes de energia tempor\u00e1rios em toda a Crimeia, regi\u00e3o da Ucr\u00e2nia anexada por Moscovo, devido aos recentes ataques ucranianos \u00e0s infraestruturas energ\u00e9ticas.&#13;\n    <\/p>\n<p class=\"\">&#13;<br \/>\n        &#8220;A infraestrutura energ\u00e9tica foi danificada por ataques inimigos e, por esse motivo, v\u00e3o ocorrer cortes tempor\u00e1rios de energia em toda a Crimeia&#8221;, afirmou o respons\u00e1vel da regi\u00e3o nomeado por Moscovo, Serguei Aksyonov, numa mensagem publicada nas redes sociais.&#13;\n    <\/p>\n<p class=\"\">&#13;<br \/>\n        Aksyonov garantiu que &#8220;os cortes ser\u00e3o direcionados&#8221; de acordo com a necessidade, assegurando que a &#8220;seguran\u00e7a alimentar&#8221; e os &#8220;medicamentos necess\u00e1rios&#8221; v\u00e3o continuar dispon\u00edveis.&#13;\n    <\/p>\n<p class=\"\">&#13;<br \/>\n        A maior cidade da Crimeia, Sebastopol, com cerca de 550 mil habitantes, ficou sem energia na quarta-feira, quando as temperaturas rondavam os 30 graus Celsius, devido a ataques de drones ucranianos.&#13;\n    <\/p>\n<p class=\"\">&#13;<br \/>\n        No inverno passado, o ex\u00e9rcito russo bombardeou o sistema energ\u00e9tico da Ucr\u00e2nia, mergulhando centenas de milhares de casas na escurid\u00e3o e sob temperaturas g\u00e9lidas.&#13;\n    <\/p>\n<p class=\"\">&#13;<br \/>\n        No domingo, as autoridades instaladas por Moscovo anunciaram a suspens\u00e3o da venda de combust\u00edvel nos postos de abastecimento na Crimeia.&#13;\n    <\/p>\n<p class=\"\">&#13;<br \/>\n        Kiev est\u00e1 a tentar isolar aquela pen\u00ednsula do mar Negro, atacando as rotas de abastecimento e as infraestruturas russas.&#13;\n    <\/p>\n<p class=\"\">&#13;<br \/>\n        A Crimeia est\u00e1 a ser utilizada pela R\u00fassia para apoiar as opera\u00e7\u00f5es militares contra as for\u00e7as ucranianas.&#13;\n    <\/p>\n<p class=\"\">&#13;<br \/>\n        A pen\u00ednsula foi invadida e anexada pela R\u00fassia em 2014, aproveitando um per\u00edodo de crise pol\u00edtica na Ucr\u00e2nia, tendo a Presid\u00eancia russa (Kremlin) justificado a a\u00e7\u00e3o com base em la\u00e7os hist\u00f3ricos e culturais.&#13;\n    <\/p>\n<p class=\"\">&#13;<br \/>\n        A anexa\u00e7\u00e3o foi fortemente condenada a n\u00edvel internacional.&#13;\n    <\/p>\n","protected":false},"excerpt":{"rendered":"&#13; A R\u00fassia anunciou esta quinta-feira que ser\u00e3o feitos cortes de energia tempor\u00e1rios em toda a Crimeia, regi\u00e3o&hellip;\n","protected":false},"author":2,"featured_media":430418,"comment_status":"","ping_status":"","sticky":false,"template":"","format":"standard","meta":{"footnotes":"","_share_on_mastodon":"0"},"categories":[50],"tags":[27,28,15,16,14,6164,25,26,21,22,4617,62,12,13,19,20,51354,23,24,839,51875,17,18,840,29,30,31,63,64,65],"class_list":["post-430417","post","type-post","status-publish","format-standard","has-post-thumbnail","category-mundo","tag-breaking-news","tag-breakingnews","tag-featured-news","tag-featurednews","tag-headlines","tag-kremlin","tag-latest-news","tag-latestnews","tag-main-news","tag-mainnews","tag-moscovo","tag-mundo","tag-news","tag-noticias","tag-noticias-principais","tag-noticiasprincipais","tag-peninsula-da-crimeia","tag-principais-noticias","tag-principaisnoticias","tag-russia","tag-russo","tag-top-stories","tag-topstories","tag-ucrania","tag-ultimas","tag-ultimas-noticias","tag-ultimasnoticias","tag-world","tag-world-news","tag-worldnews"],"share_on_mastodon":{"url":"https:\/\/pubeurope.com\/@pt\/116811973578181746","error":""},"_links":{"self":[{"href":"https:\/\/www.europesays.com\/pt\/wp-json\/wp\/v2\/posts\/430417","targetHints":{"allow":["GET"]}}],"collection":[{"href":"https:\/\/www.europesays.com\/pt\/wp-json\/wp\/v2\/posts"}],"about":[{"href":"https:\/\/www.europesays.com\/pt\/wp-json\/wp\/v2\/types\/post"}],"author":[{"embeddable":true,"href":"https:\/\/www.europesays.com\/pt\/wp-json\/wp\/v2\/users\/2"}],"replies":[{"embeddable":true,"href":"https:\/\/www.europesays.com\/pt\/wp-json\/wp\/v2\/comments?post=430417"}],"version-history":[{"count":0,"href":"https:\/\/www.europesays.com\/pt\/wp-json\/wp\/v2\/posts\/430417\/revisions"}],"wp:featuredmedia":[{"embeddable":true,"href":"https:\/\/www.europesays.com\/pt\/wp-json\/wp\/v2\/media\/430418"}],"wp:attachment":[{"href":"https:\/\/www.europesays.com\/pt\/wp-json\/wp\/v2\/media?parent=430417"}],"wp:term":[{"taxonomy":"category","embeddable":true,"href":"https:\/\/www.europesays.com\/pt\/wp-json\/wp\/v2\/categories?post=430417"},{"taxonomy":"post_tag","embeddable":true,"href":"https:\/\/www.europesays.com\/pt\/wp-json\/wp\/v2\/tags?post=430417"}],"curies":[{"name":"wp","href":"https:\/\/api.w.org\/{rel}","templated":true}]}}