{"id":430550,"date":"2026-06-25T19:56:18","date_gmt":"2026-06-25T19:56:18","guid":{"rendered":"https:\/\/www.europesays.com\/pt\/430550\/"},"modified":"2026-06-25T19:56:18","modified_gmt":"2026-06-25T19:56:18","slug":"benfica-de-marco-silva-ja-iniciou-os-trabalhos-com-um-reforco-e-muita-juventude","status":"publish","type":"post","link":"https:\/\/www.europesays.com\/pt\/430550\/","title":{"rendered":"Benfica de Marco Silva j\u00e1 iniciou os trabalhos com um refor\u00e7o e muita juventude"},"content":{"rendered":"<p>Al\u00e9m disso, \u00e0s ordens de Marco Silva v\u00e3o estar muitos jovens que na \u00e9poca passada alinharam na equipa B como o guarda-redes Diogo Ferreira, os defesas Jo\u00e3o Fonseca, Daniel Banjaqui, Jos\u00e9 Neto, Joshua Wynder e Rui Silva; os m\u00e9dios Miguel Figueiredo, Gon\u00e7alo Moreira e Jo\u00e3o Rego; e os avan\u00e7ados Jaden Umeh, An\u00edsio Cabral e Peter Edokpolor.<\/p>\n<p>O Benfica anunciou ainda que Amar Dedic, Tom\u00e1s Ara\u00fajo, Richard R\u00edos, Aursnes, Schjelderup e Lukebakio v\u00e3o apresentar-se mais tarde por estarem a representar as respetivas sele\u00e7\u00f5es no Campeonato do Mundo.<\/p>\n<p>Ausentes estiveram ainda Jo\u00e3o Veloso, Diogo Prioste e Henrique Ara\u00fajo, que fizeram parte do plantel da \u00e9poca passada, bem como Rafael Obrador e Gustavo Varela, que estiveram emprestados. Nenhum deles faz parte dos planos de Marco Silva para a nova temporada, sendo que Veloso e Prioste devem ser emprestado, enquanto os outros devem ser transferidos.<\/p>\n<p>Eis todos os futebolistas que se apresentaram no Benfica Campus no Seixal:<\/p>\n<ul>\n<li>\n<p><strong>Guarda-redes:<\/strong>\u00a0Trubin, Samuel Soares, Diogo Ferreira e Andr\u00e9 Gomes;<\/p>\n<\/li>\n<li>\n<p><strong>Defesas:<\/strong>\u00a0Ant\u00f3nio Silva, Alexander Bah, Samuel Dahl, Jo\u00e3o Fonseca, Daniel Banjaqui, Jos\u00e9 Neto, Joshua Wynder, Rui Silva e Gabriel \u00cdndio;<\/p>\n<\/li>\n<li>\n<p><strong>M\u00e9dios:<\/strong>\u00a0Enzo Barrenechea, Sudakov, Manu Silva, Leandro Barreiro, Miguel Figueiredo, Gon\u00e7alo Moreira, Rafael Lu\u00eds e Jo\u00e3o Rego;<\/p>\n<\/li>\n<li>\n<p><strong>Avan\u00e7ados:<\/strong>\u00a0Bruma, Ivanovic, Pavlidis, Prestianni, Rafa Silva, Tiago Gouveia, Jaden Umeh, An\u00edsio Cabral e Peter Edokpolor.<\/p>\n<\/li>\n<\/ul>\n","protected":false},"excerpt":{"rendered":"Al\u00e9m disso, \u00e0s ordens de Marco Silva v\u00e3o estar muitos jovens que na \u00e9poca passada alinharam na equipa&hellip;\n","protected":false},"author":2,"featured_media":430551,"comment_status":"","ping_status":"","sticky":false,"template":"","format":"standard","meta":{"footnotes":"","_share_on_mastodon":"0"},"categories":[87],"tags":[425,51,135,524,32,33,134],"class_list":["post-430550","post","type-post","status-publish","format-standard","has-post-thumbnail","category-desporto","tag-apresentacao","tag-benfica","tag-desporto","tag-futebol","tag-portugal","tag-pt","tag-sports"],"share_on_mastodon":{"url":"https:\/\/pubeurope.com\/@pt\/116812512458857604","error":""},"_links":{"self":[{"href":"https:\/\/www.europesays.com\/pt\/wp-json\/wp\/v2\/posts\/430550","targetHints":{"allow":["GET"]}}],"collection":[{"href":"https:\/\/www.europesays.com\/pt\/wp-json\/wp\/v2\/posts"}],"about":[{"href":"https:\/\/www.europesays.com\/pt\/wp-json\/wp\/v2\/types\/post"}],"author":[{"embeddable":true,"href":"https:\/\/www.europesays.com\/pt\/wp-json\/wp\/v2\/users\/2"}],"replies":[{"embeddable":true,"href":"https:\/\/www.europesays.com\/pt\/wp-json\/wp\/v2\/comments?post=430550"}],"version-history":[{"count":0,"href":"https:\/\/www.europesays.com\/pt\/wp-json\/wp\/v2\/posts\/430550\/revisions"}],"wp:featuredmedia":[{"embeddable":true,"href":"https:\/\/www.europesays.com\/pt\/wp-json\/wp\/v2\/media\/430551"}],"wp:attachment":[{"href":"https:\/\/www.europesays.com\/pt\/wp-json\/wp\/v2\/media?parent=430550"}],"wp:term":[{"taxonomy":"category","embeddable":true,"href":"https:\/\/www.europesays.com\/pt\/wp-json\/wp\/v2\/categories?post=430550"},{"taxonomy":"post_tag","embeddable":true,"href":"https:\/\/www.europesays.com\/pt\/wp-json\/wp\/v2\/tags?post=430550"}],"curies":[{"name":"wp","href":"https:\/\/api.w.org\/{rel}","templated":true}]}}