{"id":430596,"date":"2026-06-25T21:04:12","date_gmt":"2026-06-25T21:04:12","guid":{"rendered":"https:\/\/www.europesays.com\/pt\/430596\/"},"modified":"2026-06-25T21:04:12","modified_gmt":"2026-06-25T21:04:12","slug":"grazi-massafera-exibe-registros-de-viagem-a-italia-ao-lado-da-filha-celebridades","status":"publish","type":"post","link":"https:\/\/www.europesays.com\/pt\/430596\/","title":{"rendered":"Grazi Massafera exibe registros de viagem \u00e0 It\u00e1lia ao lado da filha | Celebridades"},"content":{"rendered":"<p>Rio &#8211;\u00a0Grazi Massafera est\u00e1 aproveitando as f\u00e9rias na It\u00e1lia ao lado da filha, Sofia, 14 anos. Depois de viver a vil\u00e3 Arminda em &#8220;Tr\u00eas Gra\u00e7as&#8221;, a atriz escolheu Floren\u00e7a como destino para descansar e conhecer alguns dos principais pontos tur\u00edsticos da cidade.\u00a0<\/p>\n<p>Durante a passagem pela Galleria degli Uffizi, m\u00e3e e filha posaram juntas para uma foto que chamou a aten\u00e7\u00e3o dos seguidores pela semelhan\u00e7a entre as duas. Grazi ainda entrou na brincadeira ao posar diante de uma obra de arte e escrever: &#8220;Encontrei as Tr\u00eas Gra\u00e7as&#8221;.<\/p>\n<p>As duas est\u00e3o hospedadas no Collegio alla Querce, instalado em uma propriedade hist\u00f3rica do s\u00e9culo XVI, nas colinas de Floren\u00e7a. O hotel \u00e9 conhecido pela arquitetura cl\u00e1ssica, pelos jardins e pela vista privilegiada da cidade.<\/p>\n<p>Nos registros compartilhados nas redes sociais, a atriz tamb\u00e9m mostrou detalhes do local. Atualmente, a di\u00e1ria de um quarto na categoria mais b\u00e1sica custa cerca de R$ 10,8 mil, enquanto uma su\u00edte de luxo pode chegar a R$ 35 mil por noite. Entre as comodidades oferecidas est\u00e3o spa, restaurantes gourmet, jardins em terra\u00e7os e vista panor\u00e2mica para a Catedral de Santa Maria del Fiore, um dos principais cart\u00f5es-postais de Floren\u00e7a.<\/p>\n","protected":false},"excerpt":{"rendered":"Rio &#8211;\u00a0Grazi Massafera est\u00e1 aproveitando as f\u00e9rias na It\u00e1lia ao lado da filha, Sofia, 14 anos. Depois de&hellip;\n","protected":false},"author":2,"featured_media":430597,"comment_status":"","ping_status":"","sticky":false,"template":"","format":"standard","meta":{"footnotes":"","_share_on_mastodon":"0"},"categories":[145],"tags":[211,210,114,115,1127,4375,8204,32,33,44891],"class_list":["post-430596","post","type-post","status-publish","format-standard","has-post-thumbnail","category-celebridades","tag-celebridades","tag-celebrities","tag-entertainment","tag-entretenimento","tag-filha","tag-grazi-massafera","tag-mae","tag-portugal","tag-pt","tag-sofia-massafera"],"share_on_mastodon":{"url":"https:\/\/pubeurope.com\/@pt\/116812779802800921","error":""},"_links":{"self":[{"href":"https:\/\/www.europesays.com\/pt\/wp-json\/wp\/v2\/posts\/430596","targetHints":{"allow":["GET"]}}],"collection":[{"href":"https:\/\/www.europesays.com\/pt\/wp-json\/wp\/v2\/posts"}],"about":[{"href":"https:\/\/www.europesays.com\/pt\/wp-json\/wp\/v2\/types\/post"}],"author":[{"embeddable":true,"href":"https:\/\/www.europesays.com\/pt\/wp-json\/wp\/v2\/users\/2"}],"replies":[{"embeddable":true,"href":"https:\/\/www.europesays.com\/pt\/wp-json\/wp\/v2\/comments?post=430596"}],"version-history":[{"count":0,"href":"https:\/\/www.europesays.com\/pt\/wp-json\/wp\/v2\/posts\/430596\/revisions"}],"wp:featuredmedia":[{"embeddable":true,"href":"https:\/\/www.europesays.com\/pt\/wp-json\/wp\/v2\/media\/430597"}],"wp:attachment":[{"href":"https:\/\/www.europesays.com\/pt\/wp-json\/wp\/v2\/media?parent=430596"}],"wp:term":[{"taxonomy":"category","embeddable":true,"href":"https:\/\/www.europesays.com\/pt\/wp-json\/wp\/v2\/categories?post=430596"},{"taxonomy":"post_tag","embeddable":true,"href":"https:\/\/www.europesays.com\/pt\/wp-json\/wp\/v2\/tags?post=430596"}],"curies":[{"name":"wp","href":"https:\/\/api.w.org\/{rel}","templated":true}]}}