{"id":430742,"date":"2026-06-25T23:21:49","date_gmt":"2026-06-25T23:21:49","guid":{"rendered":"https:\/\/www.europesays.com\/pt\/430742\/"},"modified":"2026-06-25T23:21:49","modified_gmt":"2026-06-25T23:21:49","slug":"vem-ai-em-a-madrasta-eduardo-o-advogado-beija-diana-novelas","status":"publish","type":"post","link":"https:\/\/www.europesays.com\/pt\/430742\/","title":{"rendered":"Vem a\u00ed em \u00abA Madrasta\u00bb: Eduardo, o advogado, beija Diana &#8211; Novelas"},"content":{"rendered":"<p>Em \u00abA Madrasta\u00bb, Diana (In\u00eas Castel-Branco) ainda est\u00e1 meio atordoada, mas quer saber o que a Camareira viu naquela noite, pois esteve presa injustamente. Parece que a Camareira vai falar, mas foge dali. Diana conta a Eduardo que a Camareira a reconheceu e que se lembra do que aconteceu h\u00e1 20 anos.<\/p>\n<p>Eduardo e Diana n\u00e3o conseguiram encontrar a Camareira. Diana tem a certeza de que algu\u00e9m a tentou calar, pois ela ia contar-lhe o que sabia, mas assustou-se e fugiu. Eduardo promete encontrar a Camareira e beija Diana. Afasta-se e pede desculpa.<\/p>\n<p>Diana diz que tem de se concentrar em provar a sua inoc\u00eancia, mas que Eduardo \u00e9 o seu \u00fanico amigo.<\/p>\n","protected":false},"excerpt":{"rendered":"Em \u00abA Madrasta\u00bb, Diana (In\u00eas Castel-Branco) ainda est\u00e1 meio atordoada, mas quer saber o que a Camareira viu&hellip;\n","protected":false},"author":2,"featured_media":430743,"comment_status":"","ping_status":"","sticky":false,"template":"","format":"standard","meta":{"footnotes":"","_share_on_mastodon":"0"},"categories":[85],"tags":[50496,160,166,54661,2666,114,115,157,167,28081,164,161,158,165,159,32,33,156,163,162],"class_list":["post-430742","post","type-post","status-publish","format-standard","has-post-thumbnail","category-entretenimento","tag-a-madrasta","tag-ana-guiomar","tag-cristina-ferreira","tag-diana","tag-eduardo","tag-entertainment","tag-entretenimento","tag-festa-e-festa","tag-ficcao","tag-ines-castel-branco","tag-jose-fidalgo","tag-novelas","tag-para-sempre","tag-pedro-sousa","tag-pedro-teixeira","tag-portugal","tag-pt","tag-queridos-papas","tag-tiago-teotonio-pereira","tag-tvi"],"share_on_mastodon":{"url":"https:\/\/pubeurope.com\/@pt\/116813318462021492","error":""},"_links":{"self":[{"href":"https:\/\/www.europesays.com\/pt\/wp-json\/wp\/v2\/posts\/430742","targetHints":{"allow":["GET"]}}],"collection":[{"href":"https:\/\/www.europesays.com\/pt\/wp-json\/wp\/v2\/posts"}],"about":[{"href":"https:\/\/www.europesays.com\/pt\/wp-json\/wp\/v2\/types\/post"}],"author":[{"embeddable":true,"href":"https:\/\/www.europesays.com\/pt\/wp-json\/wp\/v2\/users\/2"}],"replies":[{"embeddable":true,"href":"https:\/\/www.europesays.com\/pt\/wp-json\/wp\/v2\/comments?post=430742"}],"version-history":[{"count":0,"href":"https:\/\/www.europesays.com\/pt\/wp-json\/wp\/v2\/posts\/430742\/revisions"}],"wp:featuredmedia":[{"embeddable":true,"href":"https:\/\/www.europesays.com\/pt\/wp-json\/wp\/v2\/media\/430743"}],"wp:attachment":[{"href":"https:\/\/www.europesays.com\/pt\/wp-json\/wp\/v2\/media?parent=430742"}],"wp:term":[{"taxonomy":"category","embeddable":true,"href":"https:\/\/www.europesays.com\/pt\/wp-json\/wp\/v2\/categories?post=430742"},{"taxonomy":"post_tag","embeddable":true,"href":"https:\/\/www.europesays.com\/pt\/wp-json\/wp\/v2\/tags?post=430742"}],"curies":[{"name":"wp","href":"https:\/\/api.w.org\/{rel}","templated":true}]}}