{"id":43085,"date":"2025-08-24T16:28:08","date_gmt":"2025-08-24T16:28:08","guid":{"rendered":"https:\/\/www.europesays.com\/pt\/43085\/"},"modified":"2025-08-24T16:28:08","modified_gmt":"2025-08-24T16:28:08","slug":"drama-filmado-em-lisboa-e-porto-ja-e-um-dos-filmes-mais-vistos-no-streaming-nit","status":"publish","type":"post","link":"https:\/\/www.europesays.com\/pt\/43085\/","title":{"rendered":"Drama filmado em Lisboa e Porto j\u00e1 \u00e9 um dos filmes mais vistos no streaming \u2014 NiT"},"content":{"rendered":"<p>Madelyn Cline e KJ Apa n\u00e3o s\u00e3o propriamente dois dos nomes mais conhecidos em Hollywood, mas continuam a ser estrelas para toda uma gera\u00e7\u00e3o Z, sobretudo depois dos pap\u00e9is em \u201cOuter Banks\u201d e \u201cRiverdale\u201d. Agora, a dupla junta-se para protagonizar \u201cO Mapa que me Leva a Ti\u201d, o novo filme da Prime Video que estreou na quarta-feira, 20 de agosto.<\/p>\n<p>A obra adapta o romance hom\u00f3nimo de J. P. Monninger, publicado em 2017, que rapidamente se tornou um bestseller. A hist\u00f3ria acompanha Heather, rec\u00e9m-licenciada que viaja pela Europa com amigas antes de iniciar a carreira na banca. No final do percurso, conhece Jack, um n\u00f3mada que refaz o itiner\u00e1rio do av\u00f4, d\u00e9cadas mais tarde.<\/p>\n<p>O que come\u00e7a como uma rela\u00e7\u00e3o dif\u00edcil transforma-se em cumplicidade e afeto, at\u00e9 que um segredo guardado por Jack promete alterar o rumo das suas vidas para sempre.<\/p>\n<p>A produ\u00e7\u00e3o arrancou em junho de 2024 e foi rodada maioritariamente em Espanha, entre Barcelona e Terrassa. Portugal tamb\u00e9m entrou no enredo, com cenas gravadas em Lisboa e no Porto, incluindo a ic\u00f3nica livraria Lello, na Rua das Carmelitas. Durante as filmagens, circularam imagens do elenco em locais emblem\u00e1ticos das duas cidades.<\/p>\n<p>\u201cO Mapa que me Leva a Ti\u201d j\u00e1 \u00e9 um sucesso na Prime Video. Atualmente, \u00e9 o filme mais visto na plataforma, apenas atr\u00e1s da s\u00e9rie juvenil \u201cO Ver\u00e3o em que me apaixonei\u201d. A realiza\u00e7\u00e3o ficou a cargo de Lasse Hallstr\u00f6m, respons\u00e1vel por \u201cChocolate\u201d e \u201cDear John\u201d, outro romance adaptado de um livro de Nicholas Sparks.<\/p>\n<p>Al\u00e9m de KJ Apa e Madelyn Cline, o elenco conta ainda com Sofia Wylie (\u201cHigh School Musical: The Musical \u2014 The Series\u201d) e Madison Thompson (\u201cGrease: Rise of the Pink Ladies\u201d), tamb\u00e9m elas conhecidas por s\u00e9ries juvenis.<\/p>\n<p>Carregue na galeria para descobrir as s\u00e9ries que chegaram \u00e0s plataformas de streaming durante o m\u00eas de agosto.<\/p>\n","protected":false},"excerpt":{"rendered":"Madelyn Cline e KJ Apa n\u00e3o s\u00e3o propriamente dois dos nomes mais conhecidos em Hollywood, mas continuam a&hellip;\n","protected":false},"author":2,"featured_media":43086,"comment_status":"","ping_status":"","sticky":false,"template":"","format":"standard","meta":{"footnotes":""},"categories":[140],"tags":[114,115,147,148,146,32,33],"class_list":{"0":"post-43085","1":"post","2":"type-post","3":"status-publish","4":"format-standard","5":"has-post-thumbnail","7":"category-filmes","8":"tag-entertainment","9":"tag-entretenimento","10":"tag-film","11":"tag-filmes","12":"tag-movies","13":"tag-portugal","14":"tag-pt"},"share_on_mastodon":{"url":"","error":""},"_links":{"self":[{"href":"https:\/\/www.europesays.com\/pt\/wp-json\/wp\/v2\/posts\/43085","targetHints":{"allow":["GET"]}}],"collection":[{"href":"https:\/\/www.europesays.com\/pt\/wp-json\/wp\/v2\/posts"}],"about":[{"href":"https:\/\/www.europesays.com\/pt\/wp-json\/wp\/v2\/types\/post"}],"author":[{"embeddable":true,"href":"https:\/\/www.europesays.com\/pt\/wp-json\/wp\/v2\/users\/2"}],"replies":[{"embeddable":true,"href":"https:\/\/www.europesays.com\/pt\/wp-json\/wp\/v2\/comments?post=43085"}],"version-history":[{"count":0,"href":"https:\/\/www.europesays.com\/pt\/wp-json\/wp\/v2\/posts\/43085\/revisions"}],"wp:featuredmedia":[{"embeddable":true,"href":"https:\/\/www.europesays.com\/pt\/wp-json\/wp\/v2\/media\/43086"}],"wp:attachment":[{"href":"https:\/\/www.europesays.com\/pt\/wp-json\/wp\/v2\/media?parent=43085"}],"wp:term":[{"taxonomy":"category","embeddable":true,"href":"https:\/\/www.europesays.com\/pt\/wp-json\/wp\/v2\/categories?post=43085"},{"taxonomy":"post_tag","embeddable":true,"href":"https:\/\/www.europesays.com\/pt\/wp-json\/wp\/v2\/tags?post=43085"}],"curies":[{"name":"wp","href":"https:\/\/api.w.org\/{rel}","templated":true}]}}