{"id":43109,"date":"2025-08-24T16:46:09","date_gmt":"2025-08-24T16:46:09","guid":{"rendered":"https:\/\/www.europesays.com\/pt\/43109\/"},"modified":"2025-08-24T16:46:09","modified_gmt":"2025-08-24T16:46:09","slug":"spacex-lanca-a-50-a-nave-espacial-dragon-para-a-iss-numa-missao-de-reabastecimento-para-a-nasa","status":"publish","type":"post","link":"https:\/\/www.europesays.com\/pt\/43109\/","title":{"rendered":"SpaceX lan\u00e7a a 50.\u00aa nave espacial Dragon para a ISS numa miss\u00e3o de reabastecimento para a NASA"},"content":{"rendered":"<p>          <img decoding=\"async\" class=\"c-ad__placeholder__logo\" src=\"https:\/\/static.euronews.com\/website\/images\/logos\/logo-euronews-stacked-outlined-72x72-grey-9.svg\" width=\"72\" height=\"72\" alt=\"\" loading=\"lazy\"\/><br \/>\n          PUBLICIDADE<\/p>\n<p>A SpaceX lan\u00e7ou no domingo uma miss\u00e3o de Servi\u00e7os Comerciais de Reabastecimento (CRS-33) para a Esta\u00e7\u00e3o Espacial Internacional a partir do Cabo Canaveral, na Florida, a 50\u00aa vez que a nave Dragon \u00e9 lan\u00e7ada.<\/p>\n<p>Ap\u00f3s a separa\u00e7\u00e3o da nave, o primeiro est\u00e1gio pousou no navio de transporte A Shortfall of Gravitas, estacionado no Oceano Atl\u00e2ntico.<\/p>\n<p>De acordo com os respons\u00e1veis da SpaceX, a nave Dragon dever\u00e1 atracar na ISS na segunda-feira, de forma aut\u00f3noma, ap\u00f3s um voo de cerca de 28 horas.<\/p>\n<p>A CRS-33 entregar\u00e1 ent\u00e3o 2268 kg de alimentos, provis\u00f5es e experi\u00eancias aos astronautas a bordo da Esta\u00e7\u00e3o Espacial Internacional (ISS) &#8211; mas, segundo os respons\u00e1veis da SpaceX, esta miss\u00e3o vai para al\u00e9m de uma simples miss\u00e3o de reabastecimento.<\/p>\n<p>Cerca de 50 estudos cient\u00edficos diferentes, essenciais para a futura explora\u00e7\u00e3o espacial humana, ser\u00e3o efetuados durante a miss\u00e3o.<\/p>\n<p>&#8220;Esta equipa de investiga\u00e7\u00e3o est\u00e1 a testar a hip\u00f3tese de que o bloqueio de uma determinada prote\u00edna no corpo, conhecida por promover a perda \u00f3ssea ou altera\u00e7\u00f5es na sa\u00fade \u00f3ssea, pode ajudar a reduzir a perda \u00f3ssea geral que os astronautas sofrem no espa\u00e7o&#8221;, disse Heidi Parris, cientista associada do Programa ISS.<\/p>\n<p>O lan\u00e7amento de domingo marcou meia tonelada de visitas da nave espacial SpaceX Dragon \u00e0 esta\u00e7\u00e3o espacial; a primeira vez foi em maio de 2012 para uma demonstra\u00e7\u00e3o de reabastecimento.<\/p>\n<p>Foi tamb\u00e9m o s\u00e9timo voo do impulsionador de primeira fase e o terceiro da nave Dragon como parte da miss\u00e3o de reabastecimento.<\/p>\n<p>Em setembro, a nave Dragon ser\u00e1 utilizada para dar um impulso \u00e0 esta\u00e7\u00e3o espacial. De acordo com Bill Spetch, Diretor de Integra\u00e7\u00e3o de Opera\u00e7\u00f5es do Programa da Esta\u00e7\u00e3o Espacial Internacional, a nave Dragon ser\u00e1 utilizada para dar um impulso \u00e0 esta\u00e7\u00e3o espacial, o que implicar\u00e1 o ajuste da altitude da esta\u00e7\u00e3o espacial.<\/p>\n<p>&#8220;A NASA contratou a SpaceX, h\u00e1 alguns anos, para fornecer uma capacidade de reboost \u00e0 esta\u00e7\u00e3o espacial. Como sabem, a altitude da esta\u00e7\u00e3o espacial diminui lentamente ao longo do tempo devido \u00e0 pouca quantidade de atmosfera que ainda existe \u00e0 nossa altitude&#8221;, disse Spetch.<\/p>\n<p>Espera-se que a nave Dragon regresse \u00e0 Terra n\u00e3o antes de dezembro.<\/p>\n<p>Editor de v\u00eddeo<strong> \u2022 Jerry Fisayo-Bambi<\/strong><\/p>\n<p>Outras fontes<strong> \u2022 AP<\/strong><\/p>\n","protected":false},"excerpt":{"rendered":"PUBLICIDADE A SpaceX lan\u00e7ou no domingo uma miss\u00e3o de Servi\u00e7os Comerciais de Reabastecimento (CRS-33) para a Esta\u00e7\u00e3o Espacial&hellip;\n","protected":false},"author":2,"featured_media":43110,"comment_status":"","ping_status":"","sticky":false,"template":"","format":"standard","meta":{"footnotes":""},"categories":[84],"tags":[109,107,108,7618,32,33,105,103,104,13168,106,110,10900],"class_list":{"0":"post-43109","1":"post","2":"type-post","3":"status-publish","4":"format-standard","5":"has-post-thumbnail","7":"category-ciencia-e-tecnologia","8":"tag-ciencia","9":"tag-ciencia-e-tecnologia","10":"tag-cienciaetecnologia","11":"tag-estados-unidos-da-america","12":"tag-portugal","13":"tag-pt","14":"tag-science","15":"tag-science-and-technology","16":"tag-scienceandtechnology","17":"tag-space-x","18":"tag-technology","19":"tag-tecnologia","20":"tag-tecnologia-espacial"},"share_on_mastodon":{"url":"","error":""},"_links":{"self":[{"href":"https:\/\/www.europesays.com\/pt\/wp-json\/wp\/v2\/posts\/43109","targetHints":{"allow":["GET"]}}],"collection":[{"href":"https:\/\/www.europesays.com\/pt\/wp-json\/wp\/v2\/posts"}],"about":[{"href":"https:\/\/www.europesays.com\/pt\/wp-json\/wp\/v2\/types\/post"}],"author":[{"embeddable":true,"href":"https:\/\/www.europesays.com\/pt\/wp-json\/wp\/v2\/users\/2"}],"replies":[{"embeddable":true,"href":"https:\/\/www.europesays.com\/pt\/wp-json\/wp\/v2\/comments?post=43109"}],"version-history":[{"count":0,"href":"https:\/\/www.europesays.com\/pt\/wp-json\/wp\/v2\/posts\/43109\/revisions"}],"wp:featuredmedia":[{"embeddable":true,"href":"https:\/\/www.europesays.com\/pt\/wp-json\/wp\/v2\/media\/43110"}],"wp:attachment":[{"href":"https:\/\/www.europesays.com\/pt\/wp-json\/wp\/v2\/media?parent=43109"}],"wp:term":[{"taxonomy":"category","embeddable":true,"href":"https:\/\/www.europesays.com\/pt\/wp-json\/wp\/v2\/categories?post=43109"},{"taxonomy":"post_tag","embeddable":true,"href":"https:\/\/www.europesays.com\/pt\/wp-json\/wp\/v2\/tags?post=43109"}],"curies":[{"name":"wp","href":"https:\/\/api.w.org\/{rel}","templated":true}]}}